{"id":72629,"date":"2025-01-21T07:20:33","date_gmt":"2025-01-21T13:20:33","guid":{"rendered":"https:\/\/diarioavanzada.com.mx\/?p=72629"},"modified":"2025-01-21T07:27:28","modified_gmt":"2025-01-21T13:27:28","slug":"sismo-de-magnitud-4-1-registrado-al-sureste-de-san-jose-del-cabo-baja-california-sur","status":"publish","type":"post","link":"https:\/\/diarioavanzada.com.mx\/?p=72629","title":{"rendered":"Sismo de magnitud 4.1 registrado al sureste de San Jos\u00e9 del Cabo, Baja California Sur"},"content":{"rendered":"\n<p class=\"p1 wp-block-paragraph\">Baja California Sur, M\u00e9xico, Avanzada (21\/01\/2025).- La ma\u00f1ana de este martes 21 de enero se registr\u00f3 un sismo de magnitud 4.1, con epicentro localizado a 94 kil\u00f3metros al sureste de San Jos\u00e9 del Cabo, Baja California Sur, seg\u00fan inform\u00f3 el Servicio Sismol\u00f3gico Nacional.<\/p>\n\n\n\n<p class=\"p1 wp-block-paragraph\">El movimiento tel\u00farico ocurri\u00f3 a las 06:44 horas, con una latitud de 22.51, longitud de -109.01 y una profundidad de 5 kil\u00f3metros.<\/p>\n\n\n\n<p class=\"p1 wp-block-paragraph\">Hasta el momento, las autoridades locales no reportan da\u00f1os materiales ni afectaciones a la poblaci\u00f3n. Sin embargo, se recomienda a los habitantes mantenerse atentos a las indicaciones de Protecci\u00f3n Civil ante cualquier eventualidad.<\/p>\n\n\n\n<p class=\"p1 wp-block-paragraph\">El estado de Baja California Sur, al estar situado en una zona s\u00edsmica, registra movimientos tel\u00faricos con relativa frecuencia, por lo que se enfatiza la importancia de contar con un plan de emergencia familiar y conocer las medidas de seguridad.<\/p>\n\n\n\n<p class=\"p1 wp-block-paragraph\">Para m\u00e1s informaci\u00f3n, sigue los reportes oficiales emitidos por el SSN y las autoridades locales.<\/p>\n<div class=\"fb-background-color\">\n\t\t\t  <div \n\t\t\t  \tclass = \"fb-comments\" \n\t\t\t  \tdata-href = \"https:\/\/diarioavanzada.com.mx\/?p=72629\"\n\t\t\t  \tdata-numposts = \"10\"\n\t\t\t  \tdata-lazy = \"true\"\n\t\t\t\tdata-colorscheme = \"light\"\n\t\t\t\tdata-order-by = \"social\"\n\t\t\t\tdata-mobile=true>\n\t\t\t  <\/div><\/div>\n\t\t  <style>\n\t\t    .fb-background-color {\n\t\t\t\tbackground:  !important;\n\t\t\t}\n\t\t\t.fb_iframe_widget_fluid_desktop iframe {\n\t\t\t    width: 100% !important;\n\t\t\t}\n\t\t  <\/style>\n\t\t  ","protected":false},"excerpt":{"rendered":"<p>Baja California Sur, M\u00e9xico, Avanzada (21\/01\/2025).- La ma\u00f1ana de este martes 21 de enero se registr\u00f3 un sismo de magnitud 4.1, con epicentro localizado a 94 kil\u00f3metros al sureste de San Jos\u00e9 del Cabo, Baja California Sur, seg\u00fan inform\u00f3 el Servicio Sismol\u00f3gico Nacional. El movimiento tel\u00farico ocurri\u00f3 a las 06:44 horas, con una latitud de [&hellip;]<\/p>\n","protected":false},"author":7,"featured_media":72628,"comment_status":"closed","ping_status":"closed","sticky":false,"template":"","format":"standard","meta":{"_coblocks_attr":"","_coblocks_dimensions":"","_coblocks_responsive_height":"","_coblocks_accordion_ie_support":"","_crdt_document":"","advanced_seo_description":"","jetpack_seo_html_title":"","jetpack_seo_noindex":false,"_jetpack_memberships_contains_paid_content":false,"footnotes":""},"categories":[22,7],"tags":[],"class_list":["post-72629","post","type-post","status-publish","format-standard","has-post-thumbnail","hentry","category-nacion","category-noticias"],"jetpack_featured_media_url":"https:\/\/diarioavanzada.com.mx\/wp-content\/uploads\/2025\/01\/img_1513-1.jpg","jetpack-related-posts":[],"jetpack_sharing_enabled":true,"amp_enabled":true,"_links":{"self":[{"href":"https:\/\/diarioavanzada.com.mx\/index.php?rest_route=\/wp\/v2\/posts\/72629","targetHints":{"allow":["GET"]}}],"collection":[{"href":"https:\/\/diarioavanzada.com.mx\/index.php?rest_route=\/wp\/v2\/posts"}],"about":[{"href":"https:\/\/diarioavanzada.com.mx\/index.php?rest_route=\/wp\/v2\/types\/post"}],"author":[{"embeddable":true,"href":"https:\/\/diarioavanzada.com.mx\/index.php?rest_route=\/wp\/v2\/users\/7"}],"replies":[{"embeddable":true,"href":"https:\/\/diarioavanzada.com.mx\/index.php?rest_route=%2Fwp%2Fv2%2Fcomments&post=72629"}],"version-history":[{"count":1,"href":"https:\/\/diarioavanzada.com.mx\/index.php?rest_route=\/wp\/v2\/posts\/72629\/revisions"}],"predecessor-version":[{"id":72630,"href":"https:\/\/diarioavanzada.com.mx\/index.php?rest_route=\/wp\/v2\/posts\/72629\/revisions\/72630"}],"wp:featuredmedia":[{"embeddable":true,"href":"https:\/\/diarioavanzada.com.mx\/index.php?rest_route=\/wp\/v2\/media\/72628"}],"wp:attachment":[{"href":"https:\/\/diarioavanzada.com.mx\/index.php?rest_route=%2Fwp%2Fv2%2Fmedia&parent=72629"}],"wp:term":[{"taxonomy":"category","embeddable":true,"href":"https:\/\/diarioavanzada.com.mx\/index.php?rest_route=%2Fwp%2Fv2%2Fcategories&post=72629"},{"taxonomy":"post_tag","embeddable":true,"href":"https:\/\/diarioavanzada.com.mx\/index.php?rest_route=%2Fwp%2Fv2%2Ftags&post=72629"}],"curies":[{"name":"wp","href":"https:\/\/api.w.org\/{rel}","templated":true}]}}