{"id":72619,"date":"2025-01-20T22:37:55","date_gmt":"2025-01-21T04:37:55","guid":{"rendered":"https:\/\/diarioavanzada.com.mx\/?p=72619"},"modified":"2025-01-20T22:37:55","modified_gmt":"2025-01-21T04:37:55","slug":"profeco-logra-acuerdo-entre-consumidora-y-mg-motor-tras-queja-por-vehiculo-defectuoso","status":"publish","type":"post","link":"https:\/\/diarioavanzada.com.mx\/?p=72619","title":{"rendered":"Profeco logra acuerdo entre consumidora y MG Motor tras queja por veh\u00edculo defectuoso"},"content":{"rendered":"\n<p class=\"p1 wp-block-paragraph\">Tamaulipas, M\u00e9xico, Avanzada (20\/01\/2025).- Personal de la Procuradur\u00eda Federal del Consumidor (Profeco) logr\u00f3 mediar con \u00e9xito un acuerdo de conciliaci\u00f3n entre Alejandra Mart\u00ednez Ceccopieri y la empresa MG Motor, luego de que la consumidora interpusiera una queja en la Oficina de Defensa del Consumidor (Odeco) Zona Nororiente en marzo de 2024.<\/p>\n\n\n\n<p class=\"p1 wp-block-paragraph\">La inconformidad surgi\u00f3 debido a que, tras adquirir una camioneta ZR Elegance Red Vans, esta present\u00f3 fallas que persistieron incluso despu\u00e9s de reparaciones realizadas por el distribuidor. Ante la situaci\u00f3n, Mart\u00ednez Ceccopieri solicit\u00f3 la cancelaci\u00f3n del contrato y la devoluci\u00f3n de su dinero, lo que desencaden\u00f3 una serie de diligencias lideradas por la Profeco.<\/p>\n\n\n\n<p class=\"p1 wp-block-paragraph\">Pese a los intentos iniciales de conciliaci\u00f3n, la consumidora no obtuvo la respuesta deseada y recurri\u00f3 a la v\u00eda mercantil con asesor\u00eda legal privada. En un acto de protesta, se manifest\u00f3 afuera de la agencia automotriz el pasado viernes, lo que llev\u00f3 a la intervenci\u00f3n del personal de la Odeco, quienes convocaron a un representante de MG Motor para retomar las negociaciones.<\/p>\n\n\n\n<p class=\"p1 wp-block-paragraph\">El esfuerzo culmin\u00f3 en un acuerdo aceptado por Mart\u00ednez Ceccopieri, cuya naturaleza se solicit\u00f3 mantener confidencial. La Profeco actuar\u00e1 como garante del cumplimiento del convenio, cuya formalizaci\u00f3n sigue en curso mediante pl\u00e1ticas entre las partes involucradas.<\/p>\n\n\n\n<p class=\"p1 wp-block-paragraph\"><\/p>\n<div class=\"fb-background-color\">\n\t\t\t  <div \n\t\t\t  \tclass = \"fb-comments\" \n\t\t\t  \tdata-href = \"https:\/\/diarioavanzada.com.mx\/?p=72619\"\n\t\t\t  \tdata-numposts = \"10\"\n\t\t\t  \tdata-lazy = \"true\"\n\t\t\t\tdata-colorscheme = \"light\"\n\t\t\t\tdata-order-by = \"social\"\n\t\t\t\tdata-mobile=true>\n\t\t\t  <\/div><\/div>\n\t\t  <style>\n\t\t    .fb-background-color {\n\t\t\t\tbackground:  !important;\n\t\t\t}\n\t\t\t.fb_iframe_widget_fluid_desktop iframe {\n\t\t\t    width: 100% !important;\n\t\t\t}\n\t\t  <\/style>\n\t\t  ","protected":false},"excerpt":{"rendered":"<p>Tamaulipas, M\u00e9xico, Avanzada (20\/01\/2025).- Personal de la Procuradur\u00eda Federal del Consumidor (Profeco) logr\u00f3 mediar con \u00e9xito un acuerdo de conciliaci\u00f3n entre Alejandra Mart\u00ednez Ceccopieri y la empresa MG Motor, luego de que la consumidora interpusiera una queja en la Oficina de Defensa del Consumidor (Odeco) Zona Nororiente en marzo de 2024. La inconformidad surgi\u00f3 debido [&hellip;]<\/p>\n","protected":false},"author":7,"featured_media":72618,"comment_status":"closed","ping_status":"closed","sticky":false,"template":"","format":"standard","meta":{"_coblocks_attr":"","_coblocks_dimensions":"","_coblocks_responsive_height":"","_coblocks_accordion_ie_support":"","_crdt_document":"","advanced_seo_description":"","jetpack_seo_html_title":"","jetpack_seo_noindex":false,"_jetpack_memberships_contains_paid_content":false,"footnotes":""},"categories":[22,231],"tags":[],"class_list":["post-72619","post","type-post","status-publish","format-standard","has-post-thumbnail","hentry","category-nacion","category-seguridad"],"jetpack_featured_media_url":"https:\/\/diarioavanzada.com.mx\/wp-content\/uploads\/2025\/01\/img_3887-1.jpg","jetpack-related-posts":[],"jetpack_sharing_enabled":true,"amp_enabled":true,"_links":{"self":[{"href":"https:\/\/diarioavanzada.com.mx\/index.php?rest_route=\/wp\/v2\/posts\/72619","targetHints":{"allow":["GET"]}}],"collection":[{"href":"https:\/\/diarioavanzada.com.mx\/index.php?rest_route=\/wp\/v2\/posts"}],"about":[{"href":"https:\/\/diarioavanzada.com.mx\/index.php?rest_route=\/wp\/v2\/types\/post"}],"author":[{"embeddable":true,"href":"https:\/\/diarioavanzada.com.mx\/index.php?rest_route=\/wp\/v2\/users\/7"}],"replies":[{"embeddable":true,"href":"https:\/\/diarioavanzada.com.mx\/index.php?rest_route=%2Fwp%2Fv2%2Fcomments&post=72619"}],"version-history":[{"count":1,"href":"https:\/\/diarioavanzada.com.mx\/index.php?rest_route=\/wp\/v2\/posts\/72619\/revisions"}],"predecessor-version":[{"id":72620,"href":"https:\/\/diarioavanzada.com.mx\/index.php?rest_route=\/wp\/v2\/posts\/72619\/revisions\/72620"}],"wp:featuredmedia":[{"embeddable":true,"href":"https:\/\/diarioavanzada.com.mx\/index.php?rest_route=\/wp\/v2\/media\/72618"}],"wp:attachment":[{"href":"https:\/\/diarioavanzada.com.mx\/index.php?rest_route=%2Fwp%2Fv2%2Fmedia&parent=72619"}],"wp:term":[{"taxonomy":"category","embeddable":true,"href":"https:\/\/diarioavanzada.com.mx\/index.php?rest_route=%2Fwp%2Fv2%2Fcategories&post=72619"},{"taxonomy":"post_tag","embeddable":true,"href":"https:\/\/diarioavanzada.com.mx\/index.php?rest_route=%2Fwp%2Fv2%2Ftags&post=72619"}],"curies":[{"name":"wp","href":"https:\/\/api.w.org\/{rel}","templated":true}]}}