{"id":72551,"date":"2025-01-20T20:27:05","date_gmt":"2025-01-21T02:27:05","guid":{"rendered":"https:\/\/diarioavanzada.com.mx\/?p=72551"},"modified":"2025-01-20T20:28:21","modified_gmt":"2025-01-21T02:28:21","slug":"promueven-en-bachilleres-el-gusto-por-las-ingenierias","status":"publish","type":"post","link":"https:\/\/diarioavanzada.com.mx\/?p=72551","title":{"rendered":"Promueven en bachilleres el gusto por las ingenier\u00edas"},"content":{"rendered":"\n<p class=\"wp-block-paragraph\"><em>Del 20 al 24 de enero se estar\u00e1 llevando a cabo la Semana de las Ingenier\u00edas para J\u00f3venes, en el Campus Coquimatl\u00e1n de la Universidad de Colima.<\/em><\/p>\n\n\n\n<p class=\"wp-block-paragraph\">Colima, M\u00e9xico, Avanzada (20\/01\/2025).- Con el prop\u00f3sito de ofrecer a estudiantes de tercero y quinto semestre de bachillerato una experiencia inmersiva en el entorno acad\u00e9mico y en las distintas ramas de la ingenier\u00eda, del 20 al 24 de enero se estar\u00e1 llevando a cabo la Semana de las Ingenier\u00edas para J\u00f3venes, en el Campus Coquimatl\u00e1n de la Universidad de Colima.<\/p>\n\n\n\n<p class=\"wp-block-paragraph\">En esta iniciativa participan 130 estudiantes, 65 mujeres y 65 hombres, provenientes de los bachilleratos 1, 2, 3, 4, 16, 30, 15, 18, 33 y 34 de esta casa de estudios. Durante una semana, ellos y ellas tendr\u00e1n la oportunidad de explorar, aprender y familiarizarse con las diversas disciplinas de ingenier\u00eda que ofrece la universidad.<\/p>\n\n\n\n<p class=\"wp-block-paragraph\">Al inaugurar la semana, en representaci\u00f3n del rector Christian Torres Ortiz Zerme\u00f1o, la coordinadora general de Docencia, Susana Aurelia Preciado Jim\u00e9nez destac\u00f3 la relevancia de este evento. \u201cEs la primera vez que se realiza una actividad de esta naturaleza dirigida espec\u00edficamente a estudiantes de bachillerato de la Universidad de Colima\u201d.<\/p>\n\n\n\n<p class=\"wp-block-paragraph\">\u201cEs importante que, desde el tercer semestre, los j\u00f3venes comiencen a visualizar qu\u00e9 les gustar\u00eda estudiar en el futuro y qu\u00e9 posibilidades ofrece nuestra universidad. Esta iniciativa les permite conocer m\u00e1s de cerca el campus Coquimatl\u00e1n, que muchos piensan que est\u00e1 lejos, pero no es as\u00ed: es parte fundamental de nuestra comunidad\u201d, agreg\u00f3.<\/p>\n\n\n\n<p class=\"wp-block-paragraph\">Adem\u00e1s, felicit\u00f3 a los participantes y a sus familias por el esfuerzo y la disposici\u00f3n para asistir durante las vacaciones estudiantiles al evento. \u201cLos invito a que vengan con la actitud de aprender y la curiosidad de explorar algo nuevo. Pregunten todo lo que quieran, no se queden con dudas, porque los profesores de este campus est\u00e1n aqu\u00ed para ayudarles. Quiz\u00e1s al conocer m\u00e1s sobre las ingenier\u00edas descubran su verdadera vocaci\u00f3n\u201d.<\/p>\n\n\n\n<p class=\"wp-block-paragraph\"><strong>Una ventana al mundo de la ingenier\u00eda<\/strong><\/p>\n\n\n\n<p class=\"wp-block-paragraph\">El director general de Educaci\u00f3n Media Superior, Mart\u00edn Jes\u00fas Robles de Anda, resalt\u00f3 que la Semana de las Ingenier\u00edas no solo es una experiencia acad\u00e9mica, sino una oportunidad para que los estudiantes descubran nuevas vocaciones y exploren sus intereses en ciencias e ingenier\u00eda.<\/p>\n\n\n\n<p class=\"wp-block-paragraph\">\u201cDurante esta semana, podr\u00e1n vivir de primera mano el ambiente acad\u00e9mico y profesional de nuestra universidad. Participar\u00e1n en charlas, pr\u00e1cticas guiadas y recorridos por las instalaciones, interactuando con investigadores y docentes, lo que fortalecer\u00e1 su conocimiento cient\u00edfico y su inter\u00e9s en estas disciplinas\u201d, afirm\u00f3.<\/p>\n\n\n\n<p class=\"wp-block-paragraph\">Por \u00faltimo, Robles de Anda subray\u00f3 que esta actividad busca despertar la curiosidad y motivar a los j\u00f3venes a elegir un camino profesional que les apasione.<\/p>\n\n\n\n<p class=\"wp-block-paragraph\"><strong>Un campus de innovaci\u00f3n y sostenibilidad<\/strong><\/p>\n\n\n\n<p class=\"wp-block-paragraph\">El delegado del Campus Coquimatl\u00e1n, Francisco Ventura Ram\u00edrez, destac\u00f3 que este tipo de acercamientos busca ir m\u00e1s all\u00e1 de las actividades tradicionales, creando experiencias significativas para los estudiantes.<\/p>\n\n\n\n<p class=\"wp-block-paragraph\">\u201cEl objetivo es que este campus no solo forme profesionales, sino que se convierta en un laboratorio de innovaci\u00f3n y sostenibilidad. Aqu\u00ed trabajamos para avanzar hacia un campus que tenga como pilares la energ\u00eda renovable, la digitalizaci\u00f3n de procesos y la eficiencia en el uso de recursos\u201d, se\u00f1al\u00f3.<\/p>\n\n\n\n<p class=\"wp-block-paragraph\">Ventura Ram\u00edrez invit\u00f3 a los estudiantes a reflexionar sobre su futuro y el impacto que quieren dejar en el mundo. \u201cAprovechen esta semana para explorar, experimentar, preguntar y so\u00f1ar en grande. M\u00e1s all\u00e1 de decidir qu\u00e9 carrera quieren estudiar, preg\u00fantense qu\u00e9 huella desean dejar en la sociedad\u201d, concluy\u00f3.<\/p>\n\n\n\n<p class=\"wp-block-paragraph\"><strong>Actividades acad\u00e9micas y talleres<\/strong><\/p>\n\n\n\n<p class=\"wp-block-paragraph\">Durante la Semana, las cuatro facultades del campus Coquimatl\u00e1n ofrecer\u00e1n una variedad de actividades para acercar a los estudiantes a las disciplinas de ingenier\u00eda.&nbsp;<\/p>\n\n\n\n<p class=\"wp-block-paragraph\">La Facultad de Ingenier\u00eda Mec\u00e1nica y El\u00e9ctrica ofrecer\u00e1 charlas sobre ingenier\u00eda y rob\u00f3tica, adem\u00e1s de pr\u00e1cticas guiadas; la Facultad de Ciencias Qu\u00edmicas: Sesiones en laboratorio y conferencias impartidas por investigadores; la Facultad de Ingenier\u00eda Civil: Actividades en el Laboratorio de Hidr\u00e1ulica y clases introductorias y la Facultad de Arquitectura: Talleres de dise\u00f1o gr\u00e1fico y dibujo para fomentar la creatividad.<\/p>\n\n\n\n<figure class=\"wp-block-image size-large\"><img loading=\"lazy\" decoding=\"async\" width=\"1024\" height=\"682\" src=\"https:\/\/diarioavanzada.com.mx\/wp-content\/uploads\/2025\/01\/Inauguran-la-Semana-de-Ingenieria-para-Jovenes_Susana-1024x682.jpg\" alt=\"\" class=\"wp-image-72553\" srcset=\"https:\/\/diarioavanzada.com.mx\/wp-content\/uploads\/2025\/01\/Inauguran-la-Semana-de-Ingenieria-para-Jovenes_Susana-1024x682.jpg 1024w, https:\/\/diarioavanzada.com.mx\/wp-content\/uploads\/2025\/01\/Inauguran-la-Semana-de-Ingenieria-para-Jovenes_Susana-300x200.jpg 300w, https:\/\/diarioavanzada.com.mx\/wp-content\/uploads\/2025\/01\/Inauguran-la-Semana-de-Ingenieria-para-Jovenes_Susana-768x511.jpg 768w, https:\/\/diarioavanzada.com.mx\/wp-content\/uploads\/2025\/01\/Inauguran-la-Semana-de-Ingenieria-para-Jovenes_Susana-1536x1022.jpg 1536w, https:\/\/diarioavanzada.com.mx\/wp-content\/uploads\/2025\/01\/Inauguran-la-Semana-de-Ingenieria-para-Jovenes_Susana-2048x1363.jpg 2048w, https:\/\/diarioavanzada.com.mx\/wp-content\/uploads\/2025\/01\/Inauguran-la-Semana-de-Ingenieria-para-Jovenes_Susana-1200x799.jpg 1200w\" sizes=\"auto, (max-width: 1024px) 100vw, 1024px\" \/><\/figure>\n\n\n\n<figure class=\"wp-block-image size-large\"><img loading=\"lazy\" decoding=\"async\" width=\"1024\" height=\"682\" src=\"https:\/\/diarioavanzada.com.mx\/wp-content\/uploads\/2025\/01\/Inauguran-la-Semana-de-Ingenieria-para-Jovenes_Martin-Robles-1024x682.jpg\" alt=\"\" class=\"wp-image-72555\" srcset=\"https:\/\/diarioavanzada.com.mx\/wp-content\/uploads\/2025\/01\/Inauguran-la-Semana-de-Ingenieria-para-Jovenes_Martin-Robles-1024x682.jpg 1024w, https:\/\/diarioavanzada.com.mx\/wp-content\/uploads\/2025\/01\/Inauguran-la-Semana-de-Ingenieria-para-Jovenes_Martin-Robles-300x200.jpg 300w, https:\/\/diarioavanzada.com.mx\/wp-content\/uploads\/2025\/01\/Inauguran-la-Semana-de-Ingenieria-para-Jovenes_Martin-Robles-768x511.jpg 768w, https:\/\/diarioavanzada.com.mx\/wp-content\/uploads\/2025\/01\/Inauguran-la-Semana-de-Ingenieria-para-Jovenes_Martin-Robles-1536x1022.jpg 1536w, https:\/\/diarioavanzada.com.mx\/wp-content\/uploads\/2025\/01\/Inauguran-la-Semana-de-Ingenieria-para-Jovenes_Martin-Robles-2048x1363.jpg 2048w, https:\/\/diarioavanzada.com.mx\/wp-content\/uploads\/2025\/01\/Inauguran-la-Semana-de-Ingenieria-para-Jovenes_Martin-Robles-1200x799.jpg 1200w\" sizes=\"auto, (max-width: 1024px) 100vw, 1024px\" \/><\/figure>\n<div class=\"fb-background-color\">\n\t\t\t  <div \n\t\t\t  \tclass = \"fb-comments\" \n\t\t\t  \tdata-href = \"https:\/\/diarioavanzada.com.mx\/?p=72551\"\n\t\t\t  \tdata-numposts = \"10\"\n\t\t\t  \tdata-lazy = \"true\"\n\t\t\t\tdata-colorscheme = \"light\"\n\t\t\t\tdata-order-by = \"social\"\n\t\t\t\tdata-mobile=true>\n\t\t\t  <\/div><\/div>\n\t\t  <style>\n\t\t    .fb-background-color {\n\t\t\t\tbackground:  !important;\n\t\t\t}\n\t\t\t.fb_iframe_widget_fluid_desktop iframe {\n\t\t\t    width: 100% !important;\n\t\t\t}\n\t\t  <\/style>\n\t\t  ","protected":false},"excerpt":{"rendered":"<p>Del 20 al 24 de enero se estar\u00e1 llevando a cabo la Semana de las Ingenier\u00edas para J\u00f3venes, en el Campus Coquimatl\u00e1n de la Universidad de Colima. Colima, M\u00e9xico, Avanzada (20\/01\/2025).- Con el prop\u00f3sito de ofrecer a estudiantes de tercero y quinto semestre de bachillerato una experiencia inmersiva en el entorno acad\u00e9mico y en las [&hellip;]<\/p>\n","protected":false},"author":7,"featured_media":72572,"comment_status":"closed","ping_status":"closed","sticky":false,"template":"","format":"standard","meta":{"_coblocks_attr":"","_coblocks_dimensions":"","_coblocks_responsive_height":"","_coblocks_accordion_ie_support":"","_crdt_document":"","advanced_seo_description":"","jetpack_seo_html_title":"","jetpack_seo_noindex":false,"_jetpack_memberships_contains_paid_content":false,"footnotes":""},"categories":[19,209,7],"tags":[],"class_list":["post-72551","post","type-post","status-publish","format-standard","has-post-thumbnail","hentry","category-colima","category-importantes","category-noticias"],"jetpack_featured_media_url":"https:\/\/diarioavanzada.com.mx\/wp-content\/uploads\/2025\/01\/img_3867-1.png","jetpack-related-posts":[],"jetpack_sharing_enabled":true,"amp_enabled":true,"_links":{"self":[{"href":"https:\/\/diarioavanzada.com.mx\/index.php?rest_route=\/wp\/v2\/posts\/72551","targetHints":{"allow":["GET"]}}],"collection":[{"href":"https:\/\/diarioavanzada.com.mx\/index.php?rest_route=\/wp\/v2\/posts"}],"about":[{"href":"https:\/\/diarioavanzada.com.mx\/index.php?rest_route=\/wp\/v2\/types\/post"}],"author":[{"embeddable":true,"href":"https:\/\/diarioavanzada.com.mx\/index.php?rest_route=\/wp\/v2\/users\/7"}],"replies":[{"embeddable":true,"href":"https:\/\/diarioavanzada.com.mx\/index.php?rest_route=%2Fwp%2Fv2%2Fcomments&post=72551"}],"version-history":[{"count":6,"href":"https:\/\/diarioavanzada.com.mx\/index.php?rest_route=\/wp\/v2\/posts\/72551\/revisions"}],"predecessor-version":[{"id":72575,"href":"https:\/\/diarioavanzada.com.mx\/index.php?rest_route=\/wp\/v2\/posts\/72551\/revisions\/72575"}],"wp:featuredmedia":[{"embeddable":true,"href":"https:\/\/diarioavanzada.com.mx\/index.php?rest_route=\/wp\/v2\/media\/72572"}],"wp:attachment":[{"href":"https:\/\/diarioavanzada.com.mx\/index.php?rest_route=%2Fwp%2Fv2%2Fmedia&parent=72551"}],"wp:term":[{"taxonomy":"category","embeddable":true,"href":"https:\/\/diarioavanzada.com.mx\/index.php?rest_route=%2Fwp%2Fv2%2Fcategories&post=72551"},{"taxonomy":"post_tag","embeddable":true,"href":"https:\/\/diarioavanzada.com.mx\/index.php?rest_route=%2Fwp%2Fv2%2Ftags&post=72551"}],"curies":[{"name":"wp","href":"https:\/\/api.w.org\/{rel}","templated":true}]}}