{"id":72539,"date":"2025-01-20T20:25:10","date_gmt":"2025-01-21T02:25:10","guid":{"rendered":"https:\/\/diarioavanzada.com.mx\/?p=72539"},"modified":"2025-01-20T20:26:08","modified_gmt":"2025-01-21T02:26:08","slug":"entrega-rector-canchas-deportivas-en-campus-santiago-y-el-naranjo-en-manzanillo","status":"publish","type":"post","link":"https:\/\/diarioavanzada.com.mx\/?p=72539","title":{"rendered":"Entrega rector canchas deportivas en campus Santiago y El Naranjo, en Manzanillo"},"content":{"rendered":"\n<p class=\"wp-block-paragraph\"><em>Christian Torres Ortiz entreg\u00f3 la rehabilitaci\u00f3n de dos espacios deportivos: uno en el campus Santiago y otro en El Naranjo, con una inversi\u00f3n total de 353 mil pesos.<\/em><\/p>\n\n\n\n<p class=\"wp-block-paragraph\">Colima, M\u00e9xico, Avanzada (20\/01\/2025).- Este lunes, a pocos d\u00edas del inicio del ciclo escolar, el rector de la Universidad de Colima, Christian Torres Ortiz Zerme\u00f1o entreg\u00f3 la rehabilitaci\u00f3n de dos espacios deportivos: uno en el campus Santiago y otro en El Naranjo. El de Santiago incluye una cancha de voleibol y otra de futbol y b\u00e1squet, y el del campus El Naranjo una de b\u00e1squet y futbol.&nbsp;<\/p>\n\n\n\n<p class=\"wp-block-paragraph\">En compa\u00f1\u00eda de funcionarios y directores de planteles, el rector record\u00f3 que durante su administraci\u00f3n ha insistido en la f\u00f3rmula: educaci\u00f3n, cultura y deporte. \u201cLa educaci\u00f3n es la vocaci\u00f3n primaria de nuestra UdeC; formamos a las juventudes de nuestro estado, regi\u00f3n y pa\u00eds. Esa educaci\u00f3n, entre m\u00e1s se complemente con otras actividades, como las culturales y las deportivas, se convierte en un beneficio que conocemos como educaci\u00f3n integral\u201d.<\/p>\n\n\n\n<p class=\"wp-block-paragraph\">Para cumplir con dicha f\u00f3rmula, dijo, que les permite a muchos estudiantes destacar incluso a nivel internacional, \u201cla Universidad de Colima cuenta con una enorme fortaleza: las instalaciones y el recurso humano calificado\u201d.&nbsp;<\/p>\n\n\n\n<p class=\"wp-block-paragraph\">Coment\u00f3 que a la instituci\u00f3n le cuesta un gran esfuerzo hacer estas rehabilitaciones con recursos p\u00fablicos, por lo que les pidi\u00f3 a las y los j\u00f3venes que cuiden las instalaciones. A las y los instructores deportivos les pidi\u00f3 inspirar a la comunidad para hacer deporte y moverse.<\/p>\n\n\n\n<p class=\"wp-block-paragraph\">Resalt\u00f3 que, al ser un recurso p\u00fablico, la instituci\u00f3n est\u00e1 obligada a ser transparente, \u201cy la mejor manera para demostrarlo es mostrando lo qu\u00e9 hacemos con el recurso; sab\u00edamos por estudiantes y directores que el tema de los espacios deportivos era importante, por ello, les estamos entregando instalaciones bastante dignas que no solo se pueden utilizar para los deportes, sino tambi\u00e9n para otras actividades\u201d.<\/p>\n\n\n\n<p class=\"wp-block-paragraph\">Ana Mar\u00eda Gallardo, delegada en Manzanillo, en nombre de las y universitarios en el puerto, agradeci\u00f3 al rector por esta entrega de instalaciones. Record\u00f3 que Christian Torres Ortiz hab\u00eda hecho el compromiso de restaurar estos espacios. \u201cQuiero reconocer la visi\u00f3n que tiene el rector y la integridad en el manejo de los recursos financieros, pese a las limitaciones en muchos entornos donde los recursos para temas deportivos no son f\u00e1ciles de adquirir, \u00e9l s\u00ed cumpli\u00f3 su compromiso con palabras y hechos\u201d.&nbsp;<\/p>\n\n\n\n<p class=\"wp-block-paragraph\">El Campus Santiago es un espacio universitario que comparten los bachilleratos 23 y 27. All\u00ed se tuvo una inversi\u00f3n de 175 mil pesos, con la que se realiz\u00f3 la renovaci\u00f3n de la cancha de usos m\u00faltiples y de voleibol.&nbsp;<\/p>\n\n\n\n<p class=\"wp-block-paragraph\">Mientras que en el Campus El Naranjo, ubicado en las instalaciones que comparten las facultades de Ciencias Marinas, Contabilidad y Administraci\u00f3n de Manzanillo (FCAM) e Ingenier\u00eda Electromec\u00e1nica, se rehabilit\u00f3 la cancha de usos m\u00faltiples con una inversi\u00f3n de 178 mil pesos.&nbsp;<\/p>\n\n\n\n<p class=\"wp-block-paragraph\">Acompa\u00f1aron al rector en esta entrega de espacios: Mario Vladimir Ram\u00edrez Archila, director general de Cultura F\u00edsica y Deporte; Luz Mar\u00eda Urz\u00faa, directora general de Recursos Materiales; Camilo Garc\u00eda, presidente de la Federaci\u00f3n Estudiantes Colimenses y Jaime Alejandro Novela, presidente electo de la FEC.&nbsp;<\/p>\n\n\n\n<p class=\"wp-block-paragraph\">Tambi\u00e9n estuvieron directivos como Francisco Gabriel Parra y \u00c1ngela Mar\u00eda Rivera Mart\u00ednez, directores de los Bachilleratos 23 y 27, respectivamente, as\u00ed como Janeth Aurelia Alcal\u00e1 Rodr\u00edguez y Elizabeth Sof\u00eda Alonso Hern\u00e1ndez, directoras de las facultades de Ingenier\u00eda Electromec\u00e1nica y la FCAM, respectivamente.&nbsp;<\/p>\n\n\n\n<p class=\"wp-block-paragraph\">Las nuevas canchas ofrecen un espacio renovado y adecuado para la pr\u00e1ctica de diversos deportes como el futbol, baloncesto, voleibol y m\u00e1s, impulsando el desarrollo f\u00edsico y la convivencia entre los y las estudiantes.<\/p>\n\n\n\n<figure class=\"wp-block-image size-large\"><img loading=\"lazy\" decoding=\"async\" width=\"1024\" height=\"683\" src=\"https:\/\/diarioavanzada.com.mx\/wp-content\/uploads\/2025\/01\/Entrega-de-espacios-deportivos-en-Manzanillo_a-1024x683.jpg\" alt=\"\" class=\"wp-image-72540\" srcset=\"https:\/\/diarioavanzada.com.mx\/wp-content\/uploads\/2025\/01\/Entrega-de-espacios-deportivos-en-Manzanillo_a-1024x683.jpg 1024w, https:\/\/diarioavanzada.com.mx\/wp-content\/uploads\/2025\/01\/Entrega-de-espacios-deportivos-en-Manzanillo_a-300x200.jpg 300w, https:\/\/diarioavanzada.com.mx\/wp-content\/uploads\/2025\/01\/Entrega-de-espacios-deportivos-en-Manzanillo_a-768x512.jpg 768w, https:\/\/diarioavanzada.com.mx\/wp-content\/uploads\/2025\/01\/Entrega-de-espacios-deportivos-en-Manzanillo_a-1200x800.jpg 1200w, https:\/\/diarioavanzada.com.mx\/wp-content\/uploads\/2025\/01\/Entrega-de-espacios-deportivos-en-Manzanillo_a.jpg 1224w\" sizes=\"auto, (max-width: 1024px) 100vw, 1024px\" \/><\/figure>\n\n\n\n<figure class=\"wp-block-image size-large\"><img loading=\"lazy\" decoding=\"async\" width=\"1024\" height=\"683\" src=\"https:\/\/diarioavanzada.com.mx\/wp-content\/uploads\/2025\/01\/Entrega-de-espacios-deportivos-en-Manzanillo_c-1024x683.jpg\" alt=\"\" class=\"wp-image-72543\" srcset=\"https:\/\/diarioavanzada.com.mx\/wp-content\/uploads\/2025\/01\/Entrega-de-espacios-deportivos-en-Manzanillo_c-1024x683.jpg 1024w, https:\/\/diarioavanzada.com.mx\/wp-content\/uploads\/2025\/01\/Entrega-de-espacios-deportivos-en-Manzanillo_c-300x200.jpg 300w, https:\/\/diarioavanzada.com.mx\/wp-content\/uploads\/2025\/01\/Entrega-de-espacios-deportivos-en-Manzanillo_c-768x512.jpg 768w, https:\/\/diarioavanzada.com.mx\/wp-content\/uploads\/2025\/01\/Entrega-de-espacios-deportivos-en-Manzanillo_c-1200x800.jpg 1200w, https:\/\/diarioavanzada.com.mx\/wp-content\/uploads\/2025\/01\/Entrega-de-espacios-deportivos-en-Manzanillo_c.jpg 1224w\" sizes=\"auto, (max-width: 1024px) 100vw, 1024px\" \/><\/figure>\n\n\n\n<figure class=\"wp-block-image size-large\"><img loading=\"lazy\" decoding=\"async\" width=\"1024\" height=\"683\" src=\"https:\/\/diarioavanzada.com.mx\/wp-content\/uploads\/2025\/01\/Entrega-de-espacios-deportivos-en-Manzanillo_b-1024x683.jpg\" alt=\"\" class=\"wp-image-72544\" srcset=\"https:\/\/diarioavanzada.com.mx\/wp-content\/uploads\/2025\/01\/Entrega-de-espacios-deportivos-en-Manzanillo_b-1024x683.jpg 1024w, https:\/\/diarioavanzada.com.mx\/wp-content\/uploads\/2025\/01\/Entrega-de-espacios-deportivos-en-Manzanillo_b-300x200.jpg 300w, https:\/\/diarioavanzada.com.mx\/wp-content\/uploads\/2025\/01\/Entrega-de-espacios-deportivos-en-Manzanillo_b-768x512.jpg 768w, https:\/\/diarioavanzada.com.mx\/wp-content\/uploads\/2025\/01\/Entrega-de-espacios-deportivos-en-Manzanillo_b-1200x800.jpg 1200w, https:\/\/diarioavanzada.com.mx\/wp-content\/uploads\/2025\/01\/Entrega-de-espacios-deportivos-en-Manzanillo_b.jpg 1224w\" sizes=\"auto, (max-width: 1024px) 100vw, 1024px\" \/><\/figure>\n\n\n\n<figure class=\"wp-block-image size-large\"><img loading=\"lazy\" decoding=\"async\" width=\"1024\" height=\"576\" src=\"https:\/\/diarioavanzada.com.mx\/wp-content\/uploads\/2025\/01\/Entrega-de-espacios-deportivos-en-Manzanillo_Canchas-1024x576.jpg\" alt=\"\" class=\"wp-image-72546\" srcset=\"https:\/\/diarioavanzada.com.mx\/wp-content\/uploads\/2025\/01\/Entrega-de-espacios-deportivos-en-Manzanillo_Canchas-1024x576.jpg 1024w, https:\/\/diarioavanzada.com.mx\/wp-content\/uploads\/2025\/01\/Entrega-de-espacios-deportivos-en-Manzanillo_Canchas-300x169.jpg 300w, https:\/\/diarioavanzada.com.mx\/wp-content\/uploads\/2025\/01\/Entrega-de-espacios-deportivos-en-Manzanillo_Canchas-768x432.jpg 768w, https:\/\/diarioavanzada.com.mx\/wp-content\/uploads\/2025\/01\/Entrega-de-espacios-deportivos-en-Manzanillo_Canchas-1200x675.jpg 1200w, https:\/\/diarioavanzada.com.mx\/wp-content\/uploads\/2025\/01\/Entrega-de-espacios-deportivos-en-Manzanillo_Canchas.jpg 1333w\" sizes=\"auto, (max-width: 1024px) 100vw, 1024px\" \/><figcaption class=\"wp-element-caption\">default<\/figcaption><\/figure>\n\n\n\n<figure class=\"wp-block-image size-large\"><img loading=\"lazy\" decoding=\"async\" width=\"1024\" height=\"683\" src=\"https:\/\/diarioavanzada.com.mx\/wp-content\/uploads\/2025\/01\/Entrega-de-espacios-deportivos-en-Manzanillo_e-1024x683.jpg\" alt=\"\" class=\"wp-image-72549\" srcset=\"https:\/\/diarioavanzada.com.mx\/wp-content\/uploads\/2025\/01\/Entrega-de-espacios-deportivos-en-Manzanillo_e-1024x683.jpg 1024w, https:\/\/diarioavanzada.com.mx\/wp-content\/uploads\/2025\/01\/Entrega-de-espacios-deportivos-en-Manzanillo_e-300x200.jpg 300w, https:\/\/diarioavanzada.com.mx\/wp-content\/uploads\/2025\/01\/Entrega-de-espacios-deportivos-en-Manzanillo_e-768x512.jpg 768w, https:\/\/diarioavanzada.com.mx\/wp-content\/uploads\/2025\/01\/Entrega-de-espacios-deportivos-en-Manzanillo_e-1200x800.jpg 1200w, https:\/\/diarioavanzada.com.mx\/wp-content\/uploads\/2025\/01\/Entrega-de-espacios-deportivos-en-Manzanillo_e.jpg 1224w\" sizes=\"auto, (max-width: 1024px) 100vw, 1024px\" \/><\/figure>\n<div class=\"fb-background-color\">\n\t\t\t  <div \n\t\t\t  \tclass = \"fb-comments\" \n\t\t\t  \tdata-href = \"https:\/\/diarioavanzada.com.mx\/?p=72539\"\n\t\t\t  \tdata-numposts = \"10\"\n\t\t\t  \tdata-lazy = \"true\"\n\t\t\t\tdata-colorscheme = \"light\"\n\t\t\t\tdata-order-by = \"social\"\n\t\t\t\tdata-mobile=true>\n\t\t\t  <\/div><\/div>\n\t\t  <style>\n\t\t    .fb-background-color {\n\t\t\t\tbackground:  !important;\n\t\t\t}\n\t\t\t.fb_iframe_widget_fluid_desktop iframe {\n\t\t\t    width: 100% !important;\n\t\t\t}\n\t\t  <\/style>\n\t\t  ","protected":false},"excerpt":{"rendered":"<p>Christian Torres Ortiz entreg\u00f3 la rehabilitaci\u00f3n de dos espacios deportivos: uno en el campus Santiago y otro en El Naranjo, con una inversi\u00f3n total de 353 mil pesos. Colima, M\u00e9xico, Avanzada (20\/01\/2025).- Este lunes, a pocos d\u00edas del inicio del ciclo escolar, el rector de la Universidad de Colima, Christian Torres Ortiz Zerme\u00f1o entreg\u00f3 la [&hellip;]<\/p>\n","protected":false},"author":7,"featured_media":72563,"comment_status":"closed","ping_status":"closed","sticky":false,"template":"","format":"standard","meta":{"_coblocks_attr":"","_coblocks_dimensions":"","_coblocks_responsive_height":"","_coblocks_accordion_ie_support":"","_crdt_document":"","advanced_seo_description":"","jetpack_seo_html_title":"","jetpack_seo_noindex":false,"_jetpack_memberships_contains_paid_content":false,"footnotes":""},"categories":[19,209,7],"tags":[],"class_list":["post-72539","post","type-post","status-publish","format-standard","has-post-thumbnail","hentry","category-colima","category-importantes","category-noticias"],"jetpack_featured_media_url":"https:\/\/diarioavanzada.com.mx\/wp-content\/uploads\/2025\/01\/img_3866-1.png","jetpack-related-posts":[],"jetpack_sharing_enabled":true,"amp_enabled":true,"_links":{"self":[{"href":"https:\/\/diarioavanzada.com.mx\/index.php?rest_route=\/wp\/v2\/posts\/72539","targetHints":{"allow":["GET"]}}],"collection":[{"href":"https:\/\/diarioavanzada.com.mx\/index.php?rest_route=\/wp\/v2\/posts"}],"about":[{"href":"https:\/\/diarioavanzada.com.mx\/index.php?rest_route=\/wp\/v2\/types\/post"}],"author":[{"embeddable":true,"href":"https:\/\/diarioavanzada.com.mx\/index.php?rest_route=\/wp\/v2\/users\/7"}],"replies":[{"embeddable":true,"href":"https:\/\/diarioavanzada.com.mx\/index.php?rest_route=%2Fwp%2Fv2%2Fcomments&post=72539"}],"version-history":[{"count":6,"href":"https:\/\/diarioavanzada.com.mx\/index.php?rest_route=\/wp\/v2\/posts\/72539\/revisions"}],"predecessor-version":[{"id":72565,"href":"https:\/\/diarioavanzada.com.mx\/index.php?rest_route=\/wp\/v2\/posts\/72539\/revisions\/72565"}],"wp:featuredmedia":[{"embeddable":true,"href":"https:\/\/diarioavanzada.com.mx\/index.php?rest_route=\/wp\/v2\/media\/72563"}],"wp:attachment":[{"href":"https:\/\/diarioavanzada.com.mx\/index.php?rest_route=%2Fwp%2Fv2%2Fmedia&parent=72539"}],"wp:term":[{"taxonomy":"category","embeddable":true,"href":"https:\/\/diarioavanzada.com.mx\/index.php?rest_route=%2Fwp%2Fv2%2Fcategories&post=72539"},{"taxonomy":"post_tag","embeddable":true,"href":"https:\/\/diarioavanzada.com.mx\/index.php?rest_route=%2Fwp%2Fv2%2Ftags&post=72539"}],"curies":[{"name":"wp","href":"https:\/\/api.w.org\/{rel}","templated":true}]}}