{"id":72533,"date":"2025-01-20T20:23:02","date_gmt":"2025-01-21T02:23:02","guid":{"rendered":"https:\/\/diarioavanzada.com.mx\/?p=72533"},"modified":"2025-01-20T20:23:56","modified_gmt":"2025-01-21T02:23:56","slug":"inauguran-semana-estatal-de-proteccion-civil-en-manzanillo","status":"publish","type":"post","link":"https:\/\/diarioavanzada.com.mx\/?p=72533","title":{"rendered":"Inauguran Semana Estatal de Protecci\u00f3n Civil, en Manzanillo"},"content":{"rendered":"\n<p class=\"wp-block-paragraph\"><em>\u201cDiferentes \u00f3rganos de gobierno, sociedad civil y una instituci\u00f3n de educaci\u00f3n superior como la UdeC, pueden sumar y generar propuestas interesantes en capacitaci\u00f3n y en rapidez de respuesta\u201d: Christian Torres Ortiz Zerme\u00f1o, rector de la UdeC.<\/em><\/p>\n\n\n\n<p class=\"wp-block-paragraph\">Colima, M\u00e9xico, Avanzada (20\/01\/2025).- Para conmemorar el D\u00eda Estatal de la Protecci\u00f3n Civil, este lunes por la tarde iniciaron las actividades de la Semana Estatal de Protecci\u00f3n Civil. La inauguraci\u00f3n se realiz\u00f3 en el Centro de Tecnolog\u00eda Educativa de la Universidad de Colima (UdeC) en Manzanillo, lugar al que acudieron autoridades y funcionarios nacionales y del estado, as\u00ed como personal de Protecci\u00f3n Civil y expertos de Costa Rica y Chile.&nbsp;<\/p>\n\n\n\n<p class=\"wp-block-paragraph\">Esta Semana se realizar\u00e1 del 20 al 24 de enero con talleres, cursos y conferencias con expertos y expertas en temas de gesti\u00f3n de riesgo y protecci\u00f3n civil. El D\u00eda Estatal de la Protecci\u00f3n Civil en Colima se conmemora cada 21 de enero. Fue establecido por decreto del Congreso del Estado en memoria del sismo ocurrido en esa fecha en 2003, el cual caus\u00f3 p\u00e9rdidas significativas de vidas y de infraestructura.&nbsp;<\/p>\n\n\n\n<p class=\"wp-block-paragraph\">La Semana Estatal de la Protecci\u00f3n Civil es organizada por la Unidad Estatal de Protecci\u00f3n Civil (UEPC) del Gobierno del Estado de Colima. En 2024 se celebr\u00f3 del 15 al 21 de enero. Su objetivo principal es fortalecer la cultura de prevenci\u00f3n y preparaci\u00f3n ante posibles contingencias.<\/p>\n\n\n\n<p class=\"wp-block-paragraph\">En su mensaje de bienvenida, el rector coment\u00f3 que para la UdeC es un honor ser sede de un evento tan importante para Manzanillo y el estado, pues la Casa de Estudios trabaja con la premisa de sumar esfuerzos y voluntades. \u201cEste evento es un ejemplo, porque diferentes \u00f3rganos de gobierno, sociedad civil y una instituci\u00f3n de educaci\u00f3n superior como la UdeC, pueden sumar y generar propuestas interesantes en capacitaci\u00f3n y en rapidez de respuesta\u201d, coment\u00f3.<\/p>\n\n\n\n<p class=\"wp-block-paragraph\">Adem\u00e1s, dijo que en la UdeC es vital la constante capacitaci\u00f3n con diferentes equipos y momentos; por ello, cuenta con la Licenciatura en Gesti\u00f3n y Reducci\u00f3n de Riesgo de Desastre. \u201cConmemoramos la importancia del evento y la presencia del Gobierno Federal a trav\u00e9s del Centro Nacional de Prevenci\u00f3n de Desastres (CENAPRED), y que est\u00e9n autoridades municipales en materia de Protecci\u00f3n Civil\u201d, concluy\u00f3.<\/p>\n\n\n\n<p class=\"wp-block-paragraph\">En su intervenci\u00f3n, el ingeniero Enrique Guevara Ortiz, director del CENAPRED, agradeci\u00f3 la invitaci\u00f3n. \u201cEsta semana promueve la cultura de prevenci\u00f3n y la capacitaci\u00f3n continua de los servicios de emergencia y es una muestra del compromiso de Colima, as\u00ed como del municipio de Manzanillo por el bienestar y la seguridad ante riesgos de su poblaci\u00f3n\u201d, enunci\u00f3.<\/p>\n\n\n\n<p class=\"wp-block-paragraph\">Tambi\u00e9n destac\u00f3 los avances que Colima ha logrado en gesti\u00f3n de riesgo y protecci\u00f3n civil. \u201cEn primer lugar, la colaboraci\u00f3n entre el Gobierno Federal y el estado de Colima al integrarse al Sistema de Alerta S\u00edsmica (SASMEX), una herramienta importante para el riesgo s\u00edsmico, un proyecto financiado por la Coordinaci\u00f3n Nacional de Protecci\u00f3n Civil y el CENAPRED que fue el ejecutor con la Coordinaci\u00f3n Estatal de Protecci\u00f3n Civil\u201d.<\/p>\n\n\n\n<p class=\"wp-block-paragraph\">Otro proyecto en el que tambi\u00e9n participa Manzanillo, agreg\u00f3 Guevara Ortiz, es el <em>Science and Technology Research Partnership for Sustainable Development<\/em> -Asociaci\u00f3n de Investigaci\u00f3n en Ciencia y Tecnolog\u00eda para el Desarrollo Sostenible (SATREPS, por sus siglas en ingl\u00e9s), que se realizar\u00e1 en colaboraci\u00f3n con el gobierno de Jap\u00f3n, la UdeC, UNAM, el municipio de Manzanillo y otras dependencias. Se eligi\u00f3 este puerto por la importancia estrat\u00e9gica y por ser un lugar de entrada de muchas mercanc\u00edas para el territorio nacional.<\/p>\n\n\n\n<p class=\"wp-block-paragraph\">Tambi\u00e9n destac\u00f3 que la Universidad de Colima es parte de la red de instituciones, escuelas y universidades para la profesionalizaci\u00f3n, capacitaci\u00f3n y certificaci\u00f3n en materia de gesti\u00f3n integral de riesgo de desastres, lo cual prueba la importancia del tema para Colima.<\/p>\n\n\n\n<p class=\"wp-block-paragraph\">Erick Alberto Gonz\u00e1lez, director de la Unidad Estatal de Protecci\u00f3n Civil de Colima, coment\u00f3 que el objetivo de esta semana es tener un espacio para capacitar a personas de Manzanillo y de regiones vecinas de manera gratuita. \u201cSe trata de una conmemoraci\u00f3n internacional que contar\u00e1 con instructores de Costa Rica y Chile, as\u00ed como de expertos de la UdeC\u201d.<\/p>\n\n\n\n<p class=\"wp-block-paragraph\">Rosa Mar\u00eda Bayardo Cabrera, presidenta municipal de Manzanillo, agradeci\u00f3 a la UdeC por su anfitrion\u00eda. \u201cSomos privilegiados, porque se habita en un lugar lleno de belleza natural y riqueza ambiental; sin embargo, esto representa desaf\u00edos como sismos, huracanes e inundaciones, fen\u00f3menos bien conocidos en el puerto y nuestra historia nos ha ense\u00f1ado a prepararnos\u201d.<\/p>\n\n\n\n<p class=\"wp-block-paragraph\">Dijo que el sismo de hace unos d\u00edas \u201cnos record\u00f3 que la prevenci\u00f3n salva vidas y la protecci\u00f3n civil es un esfuerzo constante que requiere de compromiso, conocimiento y responsabilidad compartida\u201d. Por \u00faltimo, asegur\u00f3 que \u201cpara el Ayuntamiento de Manzanillo la protecci\u00f3n civil es un tema prioritario; trabajamos en coordinaci\u00f3n con los gobiernos estatal y federal, y con la gente para construir un municipio que afronte los desaf\u00edos con la preparaci\u00f3n necesaria\u201d.<\/p>\n\n\n\n<p class=\"wp-block-paragraph\">En el pres\u00eddium tambi\u00e9n estuvieron el comandante Sergio Mart\u00ednez L\u00f3pez, director estatal de Protecci\u00f3n Civil de Jalisco y Mario Alberto Espinoza, director de Protecci\u00f3n Civil de Zapop\u00e1n. Por la UdeC estuvieron Ana Mar\u00eda Gallardo V\u00e1zquez, delegada de la UdeC en Manzanillo; Marcos Buenrostro, encargado de la Unidad de Protecci\u00f3n Civil y Raymundo Padilla Lozoya, universitario y presidente del Cap\u00edtulo Colima del Colegio Mexicano en Gesti\u00f3n de Riesgos y Protecci\u00f3n Civil.<\/p>\n\n\n\n<p class=\"wp-block-paragraph\">Como parte de quienes acudieron al evento, estuvieron Roc\u00edo Beltr\u00e1n Rodr\u00edguez, delegada de Programas para el Bienestar en Colima; Pedro Lugo, director operativo de Bomberos en Tijuana, y Jonathan Hazo, en representaci\u00f3n de Protecci\u00f3n Civil de Michoac\u00e1n, as\u00ed como personal de servicios de emergencia de todo el estado y diferentes regiones.<\/p>\n\n\n\n<figure class=\"wp-block-image size-large\"><img loading=\"lazy\" decoding=\"async\" width=\"1024\" height=\"683\" src=\"https:\/\/diarioavanzada.com.mx\/wp-content\/uploads\/2025\/01\/Inauguran-Semana-Estatal-de-la-Proteccion-Civil_b-1024x683.jpg\" alt=\"\" class=\"wp-image-72534\" srcset=\"https:\/\/diarioavanzada.com.mx\/wp-content\/uploads\/2025\/01\/Inauguran-Semana-Estatal-de-la-Proteccion-Civil_b-1024x683.jpg 1024w, https:\/\/diarioavanzada.com.mx\/wp-content\/uploads\/2025\/01\/Inauguran-Semana-Estatal-de-la-Proteccion-Civil_b-300x200.jpg 300w, https:\/\/diarioavanzada.com.mx\/wp-content\/uploads\/2025\/01\/Inauguran-Semana-Estatal-de-la-Proteccion-Civil_b-768x512.jpg 768w, https:\/\/diarioavanzada.com.mx\/wp-content\/uploads\/2025\/01\/Inauguran-Semana-Estatal-de-la-Proteccion-Civil_b-1200x800.jpg 1200w, https:\/\/diarioavanzada.com.mx\/wp-content\/uploads\/2025\/01\/Inauguran-Semana-Estatal-de-la-Proteccion-Civil_b.jpg 1224w\" sizes=\"auto, (max-width: 1024px) 100vw, 1024px\" \/><\/figure>\n\n\n\n<figure class=\"wp-block-image size-large\"><img loading=\"lazy\" decoding=\"async\" width=\"1024\" height=\"683\" src=\"https:\/\/diarioavanzada.com.mx\/wp-content\/uploads\/2025\/01\/Inauguran-Semana-Estatal-de-la-Proteccion-Civil-1024x683.jpg\" alt=\"\" class=\"wp-image-72537\" srcset=\"https:\/\/diarioavanzada.com.mx\/wp-content\/uploads\/2025\/01\/Inauguran-Semana-Estatal-de-la-Proteccion-Civil-1024x683.jpg 1024w, https:\/\/diarioavanzada.com.mx\/wp-content\/uploads\/2025\/01\/Inauguran-Semana-Estatal-de-la-Proteccion-Civil-300x200.jpg 300w, https:\/\/diarioavanzada.com.mx\/wp-content\/uploads\/2025\/01\/Inauguran-Semana-Estatal-de-la-Proteccion-Civil-768x512.jpg 768w, https:\/\/diarioavanzada.com.mx\/wp-content\/uploads\/2025\/01\/Inauguran-Semana-Estatal-de-la-Proteccion-Civil-1200x800.jpg 1200w, https:\/\/diarioavanzada.com.mx\/wp-content\/uploads\/2025\/01\/Inauguran-Semana-Estatal-de-la-Proteccion-Civil.jpg 1224w\" sizes=\"auto, (max-width: 1024px) 100vw, 1024px\" \/><\/figure>\n<div class=\"fb-background-color\">\n\t\t\t  <div \n\t\t\t  \tclass = \"fb-comments\" \n\t\t\t  \tdata-href = \"https:\/\/diarioavanzada.com.mx\/?p=72533\"\n\t\t\t  \tdata-numposts = \"10\"\n\t\t\t  \tdata-lazy = \"true\"\n\t\t\t\tdata-colorscheme = \"light\"\n\t\t\t\tdata-order-by = \"social\"\n\t\t\t\tdata-mobile=true>\n\t\t\t  <\/div><\/div>\n\t\t  <style>\n\t\t    .fb-background-color {\n\t\t\t\tbackground:  !important;\n\t\t\t}\n\t\t\t.fb_iframe_widget_fluid_desktop iframe {\n\t\t\t    width: 100% !important;\n\t\t\t}\n\t\t  <\/style>\n\t\t  ","protected":false},"excerpt":{"rendered":"<p>\u201cDiferentes \u00f3rganos de gobierno, sociedad civil y una instituci\u00f3n de educaci\u00f3n superior como la UdeC, pueden sumar y generar propuestas interesantes en capacitaci\u00f3n y en rapidez de respuesta\u201d: Christian Torres Ortiz Zerme\u00f1o, rector de la UdeC. Colima, M\u00e9xico, Avanzada (20\/01\/2025).- Para conmemorar el D\u00eda Estatal de la Protecci\u00f3n Civil, este lunes por la tarde iniciaron [&hellip;]<\/p>\n","protected":false},"author":7,"featured_media":72556,"comment_status":"closed","ping_status":"closed","sticky":false,"template":"","format":"standard","meta":{"_coblocks_attr":"","_coblocks_dimensions":"","_coblocks_responsive_height":"","_coblocks_accordion_ie_support":"","_crdt_document":"","advanced_seo_description":"","jetpack_seo_html_title":"","jetpack_seo_noindex":false,"_jetpack_memberships_contains_paid_content":false,"footnotes":""},"categories":[19,209,7],"tags":[],"class_list":["post-72533","post","type-post","status-publish","format-standard","has-post-thumbnail","hentry","category-colima","category-importantes","category-noticias"],"jetpack_featured_media_url":"https:\/\/diarioavanzada.com.mx\/wp-content\/uploads\/2025\/01\/img_3865-1.png","jetpack-related-posts":[],"jetpack_sharing_enabled":true,"amp_enabled":true,"_links":{"self":[{"href":"https:\/\/diarioavanzada.com.mx\/index.php?rest_route=\/wp\/v2\/posts\/72533","targetHints":{"allow":["GET"]}}],"collection":[{"href":"https:\/\/diarioavanzada.com.mx\/index.php?rest_route=\/wp\/v2\/posts"}],"about":[{"href":"https:\/\/diarioavanzada.com.mx\/index.php?rest_route=\/wp\/v2\/types\/post"}],"author":[{"embeddable":true,"href":"https:\/\/diarioavanzada.com.mx\/index.php?rest_route=\/wp\/v2\/users\/7"}],"replies":[{"embeddable":true,"href":"https:\/\/diarioavanzada.com.mx\/index.php?rest_route=%2Fwp%2Fv2%2Fcomments&post=72533"}],"version-history":[{"count":4,"href":"https:\/\/diarioavanzada.com.mx\/index.php?rest_route=\/wp\/v2\/posts\/72533\/revisions"}],"predecessor-version":[{"id":72557,"href":"https:\/\/diarioavanzada.com.mx\/index.php?rest_route=\/wp\/v2\/posts\/72533\/revisions\/72557"}],"wp:featuredmedia":[{"embeddable":true,"href":"https:\/\/diarioavanzada.com.mx\/index.php?rest_route=\/wp\/v2\/media\/72556"}],"wp:attachment":[{"href":"https:\/\/diarioavanzada.com.mx\/index.php?rest_route=%2Fwp%2Fv2%2Fmedia&parent=72533"}],"wp:term":[{"taxonomy":"category","embeddable":true,"href":"https:\/\/diarioavanzada.com.mx\/index.php?rest_route=%2Fwp%2Fv2%2Fcategories&post=72533"},{"taxonomy":"post_tag","embeddable":true,"href":"https:\/\/diarioavanzada.com.mx\/index.php?rest_route=%2Fwp%2Fv2%2Ftags&post=72533"}],"curies":[{"name":"wp","href":"https:\/\/api.w.org\/{rel}","templated":true}]}}