{"id":72531,"date":"2025-01-20T20:20:39","date_gmt":"2025-01-21T02:20:39","guid":{"rendered":"https:\/\/diarioavanzada.com.mx\/?p=72531"},"modified":"2025-01-20T20:21:09","modified_gmt":"2025-01-21T02:21:09","slug":"scjn-reparacion-del-dano-debe-abarcar-toda-la-extension-del-hecho-victimizante","status":"publish","type":"post","link":"https:\/\/diarioavanzada.com.mx\/?p=72531","title":{"rendered":"SCJN: Reparaci\u00f3n del da\u00f1o debe abarcar toda la extensi\u00f3n del hecho victimizante"},"content":{"rendered":"\n<p class=\"p1 wp-block-paragraph\">M\u00e9xico, Avanzada (20\/01\/2025).- La Primera Sala de la Suprema Corte de Justicia de la Naci\u00f3n (SCJN) resolvi\u00f3 un caso emblem\u00e1tico sobre la reparaci\u00f3n integral del da\u00f1o en violaciones de derechos humanos. El asunto, relacionado con un diagn\u00f3stico y tratamiento negligentes brindados a un reci\u00e9n nacido en 2003 por el Instituto Mexicano del Seguro Social (IMSS), marc\u00f3 un precedente sobre el alcance del \u201checho victimizante\u201d en la reparaci\u00f3n del da\u00f1o.<\/p>\n\n\n\n<p class=\"p1 wp-block-paragraph\">El ni\u00f1o, afectado por insuficiencia renal debido a la atenci\u00f3n m\u00e9dica inadecuada, fue sometido a un trasplante de ri\u00f1\u00f3n en 2010, utilizando un \u00f3rgano donado por su padre. Sin embargo, el trasplante fall\u00f3, agravando su estado de salud hasta que, en 2019, recibi\u00f3 un nuevo ri\u00f1\u00f3n en un hospital de San Diego, California, que estabiliz\u00f3 su condici\u00f3n.<\/p>\n\n\n\n<p class=\"p1 wp-block-paragraph\">En 2023, la Comisi\u00f3n Ejecutiva de Atenci\u00f3n a V\u00edctimas (CEAV) emiti\u00f3 una resoluci\u00f3n para reparar el da\u00f1o, pero limit\u00f3 el \u201checho victimizante\u201d al periodo entre 2003 y el primer trasplante en 2010, y excluy\u00f3 compensaciones por los da\u00f1os f\u00edsicos y morales sufridos por el padre. Inconformes, los padres promovieron un juicio de amparo, que fue negado, y posteriormente interpusieron un recurso de revisi\u00f3n que lleg\u00f3 a la SCJN.<\/p>\n\n\n\n<p class=\"p1 wp-block-paragraph\">Al resolver, la Primera Sala estableci\u00f3 que el concepto de \u201checho victimizante\u201d debe interpretarse de manera amplia, considerando todos los actos que causaron la violaci\u00f3n de derechos humanos hasta que cesaron sus efectos. La ministra ponente Ana Margarita R\u00edos Farjat destac\u00f3 que limitar este concepto al primer acto vulnerador desnaturaliza el derecho a la reparaci\u00f3n integral del da\u00f1o, especialmente en casos donde la negligencia m\u00e9dica agrava progresivamente las afectaciones.<\/p>\n\n\n\n<p class=\"p1 wp-block-paragraph\">La Sala concluy\u00f3 que la CEAV y el tribunal de origen no analizaron de manera adecuada la continuidad de la violaci\u00f3n al derecho humano a la salud, por lo que revoc\u00f3 la sentencia e instruy\u00f3 a la CEAV a emitir una nueva resoluci\u00f3n. Esta deber\u00e1 incluir medidas de restituci\u00f3n, rehabilitaci\u00f3n, satisfacci\u00f3n, garant\u00edas de no repetici\u00f3n y compensaci\u00f3n, asegurando una reparaci\u00f3n integral, transformadora y efectiva para la familia afectada. Amparo en revisi\u00f3n 687\/2024.<\/p>\n<div class=\"fb-background-color\">\n\t\t\t  <div \n\t\t\t  \tclass = \"fb-comments\" \n\t\t\t  \tdata-href = \"https:\/\/diarioavanzada.com.mx\/?p=72531\"\n\t\t\t  \tdata-numposts = \"10\"\n\t\t\t  \tdata-lazy = \"true\"\n\t\t\t\tdata-colorscheme = \"light\"\n\t\t\t\tdata-order-by = \"social\"\n\t\t\t\tdata-mobile=true>\n\t\t\t  <\/div><\/div>\n\t\t  <style>\n\t\t    .fb-background-color {\n\t\t\t\tbackground:  !important;\n\t\t\t}\n\t\t\t.fb_iframe_widget_fluid_desktop iframe {\n\t\t\t    width: 100% !important;\n\t\t\t}\n\t\t  <\/style>\n\t\t  ","protected":false},"excerpt":{"rendered":"<p>M\u00e9xico, Avanzada (20\/01\/2025).- La Primera Sala de la Suprema Corte de Justicia de la Naci\u00f3n (SCJN) resolvi\u00f3 un caso emblem\u00e1tico sobre la reparaci\u00f3n integral del da\u00f1o en violaciones de derechos humanos. El asunto, relacionado con un diagn\u00f3stico y tratamiento negligentes brindados a un reci\u00e9n nacido en 2003 por el Instituto Mexicano del Seguro Social (IMSS), [&hellip;]<\/p>\n","protected":false},"author":7,"featured_media":72547,"comment_status":"closed","ping_status":"closed","sticky":false,"template":"","format":"standard","meta":{"_coblocks_attr":"","_coblocks_dimensions":"","_coblocks_responsive_height":"","_coblocks_accordion_ie_support":"","_crdt_document":"","advanced_seo_description":"","jetpack_seo_html_title":"","jetpack_seo_noindex":false,"_jetpack_memberships_contains_paid_content":false,"footnotes":""},"categories":[22,7],"tags":[],"class_list":["post-72531","post","type-post","status-publish","format-standard","has-post-thumbnail","hentry","category-nacion","category-noticias"],"jetpack_featured_media_url":"https:\/\/diarioavanzada.com.mx\/wp-content\/uploads\/2025\/01\/img_3864-1.jpg","jetpack-related-posts":[],"jetpack_sharing_enabled":true,"amp_enabled":true,"_links":{"self":[{"href":"https:\/\/diarioavanzada.com.mx\/index.php?rest_route=\/wp\/v2\/posts\/72531","targetHints":{"allow":["GET"]}}],"collection":[{"href":"https:\/\/diarioavanzada.com.mx\/index.php?rest_route=\/wp\/v2\/posts"}],"about":[{"href":"https:\/\/diarioavanzada.com.mx\/index.php?rest_route=\/wp\/v2\/types\/post"}],"author":[{"embeddable":true,"href":"https:\/\/diarioavanzada.com.mx\/index.php?rest_route=\/wp\/v2\/users\/7"}],"replies":[{"embeddable":true,"href":"https:\/\/diarioavanzada.com.mx\/index.php?rest_route=%2Fwp%2Fv2%2Fcomments&post=72531"}],"version-history":[{"count":2,"href":"https:\/\/diarioavanzada.com.mx\/index.php?rest_route=\/wp\/v2\/posts\/72531\/revisions"}],"predecessor-version":[{"id":72542,"href":"https:\/\/diarioavanzada.com.mx\/index.php?rest_route=\/wp\/v2\/posts\/72531\/revisions\/72542"}],"wp:featuredmedia":[{"embeddable":true,"href":"https:\/\/diarioavanzada.com.mx\/index.php?rest_route=\/wp\/v2\/media\/72547"}],"wp:attachment":[{"href":"https:\/\/diarioavanzada.com.mx\/index.php?rest_route=%2Fwp%2Fv2%2Fmedia&parent=72531"}],"wp:term":[{"taxonomy":"category","embeddable":true,"href":"https:\/\/diarioavanzada.com.mx\/index.php?rest_route=%2Fwp%2Fv2%2Fcategories&post=72531"},{"taxonomy":"post_tag","embeddable":true,"href":"https:\/\/diarioavanzada.com.mx\/index.php?rest_route=%2Fwp%2Fv2%2Ftags&post=72531"}],"curies":[{"name":"wp","href":"https:\/\/api.w.org\/{rel}","templated":true}]}}