{"id":72515,"date":"2025-01-20T16:31:52","date_gmt":"2025-01-20T22:31:52","guid":{"rendered":"https:\/\/diarioavanzada.com.mx\/?p=72515"},"modified":"2025-01-20T16:32:21","modified_gmt":"2025-01-20T22:32:21","slug":"diputado-de-morena-presentara-iniciativa-para-incrementar-51-mil-pesos-a-su-salario","status":"publish","type":"post","link":"https:\/\/diarioavanzada.com.mx\/?p=72515","title":{"rendered":"Diputado de Morena  presentar\u00e1 iniciativa para incrementar 51 mil pesos a su salario"},"content":{"rendered":"\n<p class=\"p1 wp-block-paragraph\">M\u00e9xico, Avanzada (20\/01\/2025).- La propuesta de los diputados de Morena para incrementar sus salarios al nivel de los senadores desat\u00f3 una ola de cr\u00edticas e indignaci\u00f3n entre la ciudadan\u00eda, quienes se\u00f1alan que esta medida representa una desconexi\u00f3n total con la realidad del pa\u00eds.<\/p>\n\n\n\n<p class=\"p1 wp-block-paragraph\">Actualmente, los legisladores reciben un sueldo mensual de 75 mil 600 pesos, pero de aprobarse la reforma impulsada por el diputado Alfonso Ram\u00edrez Cu\u00e9llar, esta cifra se elevar\u00eda a 126 mil 800 pesos, igualando su ingreso al de los senadores. Esto genera cuestionamientos sobre el compromiso de los diputados con la llamada \u201causteridad republicana\u201d y los principios de igualdad que pregonan en sus discursos.<\/p>\n\n\n\n<p class=\"p1 wp-block-paragraph\">Los ciudadanos no tardaron en manifestar su inconformidad, argumentando que muchos legisladores \u201cno hacen nada, solo levantan la mano, est\u00e1n sentados y, a veces, ni siquiera asisten a las sesiones\u201d. Compararon los privilegios de los diputados con las condiciones laborales de quienes trabajan largas jornadas en el campo o en empresas, recibiendo sueldos que apenas alcanzan para sobrevivir.<\/p>\n\n\n\n<p class=\"p1 wp-block-paragraph\">\u201cMientras los verdaderos trabajadores ganan sueldos miserables, ellos se quieren servir con la cuchara grande. \u00bfD\u00f3nde qued\u00f3 la austeridad?\u201d, cuestionaron algunos ciudadanos en redes sociales.<\/p>\n\n\n\n<p class=\"p1 wp-block-paragraph\">La reforma, programada para ser presentada en el pr\u00f3ximo periodo ordinario de sesiones en febrero, no solo tendr\u00eda un impacto en las finanzas p\u00fablicas, sino tambi\u00e9n en la imagen de la labor legislativa, que ya enfrenta una creciente desconfianza.<\/p>\n\n\n\n<p class=\"p1 wp-block-paragraph\">A pesar de los discursos oficiales que promueven la lucha contra la desigualdad, muchos perciben este aumento salarial como una contradicci\u00f3n. Las voces ciudadanas exigen que los legisladores ajusten sus ingresos a la realidad econ\u00f3mica del pa\u00eds y prioricen medidas que beneficien a la poblaci\u00f3n en lugar de sus intereses personales.<\/p>\n\n\n\n<p class=\"p1 wp-block-paragraph\">La presi\u00f3n social podr\u00eda influir en el destino de la propuesta, en un momento donde el desencanto con la clase pol\u00edtica est\u00e1 m\u00e1s latente que nunca.<\/p>\n<div class=\"fb-background-color\">\n\t\t\t  <div \n\t\t\t  \tclass = \"fb-comments\" \n\t\t\t  \tdata-href = \"https:\/\/diarioavanzada.com.mx\/?p=72515\"\n\t\t\t  \tdata-numposts = \"10\"\n\t\t\t  \tdata-lazy = \"true\"\n\t\t\t\tdata-colorscheme = \"light\"\n\t\t\t\tdata-order-by = \"social\"\n\t\t\t\tdata-mobile=true>\n\t\t\t  <\/div><\/div>\n\t\t  <style>\n\t\t    .fb-background-color {\n\t\t\t\tbackground:  !important;\n\t\t\t}\n\t\t\t.fb_iframe_widget_fluid_desktop iframe {\n\t\t\t    width: 100% !important;\n\t\t\t}\n\t\t  <\/style>\n\t\t  ","protected":false},"excerpt":{"rendered":"<p>M\u00e9xico, Avanzada (20\/01\/2025).- La propuesta de los diputados de Morena para incrementar sus salarios al nivel de los senadores desat\u00f3 una ola de cr\u00edticas e indignaci\u00f3n entre la ciudadan\u00eda, quienes se\u00f1alan que esta medida representa una desconexi\u00f3n total con la realidad del pa\u00eds. Actualmente, los legisladores reciben un sueldo mensual de 75 mil 600 pesos, [&hellip;]<\/p>\n","protected":false},"author":7,"featured_media":72516,"comment_status":"closed","ping_status":"closed","sticky":false,"template":"","format":"standard","meta":{"_coblocks_attr":"","_coblocks_dimensions":"","_coblocks_responsive_height":"","_coblocks_accordion_ie_support":"","_crdt_document":"","advanced_seo_description":"","jetpack_seo_html_title":"","jetpack_seo_noindex":false,"_jetpack_memberships_contains_paid_content":false,"footnotes":""},"categories":[209,22,7],"tags":[],"class_list":["post-72515","post","type-post","status-publish","format-standard","has-post-thumbnail","hentry","category-importantes","category-nacion","category-noticias"],"jetpack_featured_media_url":"https:\/\/diarioavanzada.com.mx\/wp-content\/uploads\/2025\/01\/img_0566-1.jpg","jetpack-related-posts":[],"jetpack_sharing_enabled":true,"amp_enabled":true,"_links":{"self":[{"href":"https:\/\/diarioavanzada.com.mx\/index.php?rest_route=\/wp\/v2\/posts\/72515","targetHints":{"allow":["GET"]}}],"collection":[{"href":"https:\/\/diarioavanzada.com.mx\/index.php?rest_route=\/wp\/v2\/posts"}],"about":[{"href":"https:\/\/diarioavanzada.com.mx\/index.php?rest_route=\/wp\/v2\/types\/post"}],"author":[{"embeddable":true,"href":"https:\/\/diarioavanzada.com.mx\/index.php?rest_route=\/wp\/v2\/users\/7"}],"replies":[{"embeddable":true,"href":"https:\/\/diarioavanzada.com.mx\/index.php?rest_route=%2Fwp%2Fv2%2Fcomments&post=72515"}],"version-history":[{"count":2,"href":"https:\/\/diarioavanzada.com.mx\/index.php?rest_route=\/wp\/v2\/posts\/72515\/revisions"}],"predecessor-version":[{"id":72518,"href":"https:\/\/diarioavanzada.com.mx\/index.php?rest_route=\/wp\/v2\/posts\/72515\/revisions\/72518"}],"wp:featuredmedia":[{"embeddable":true,"href":"https:\/\/diarioavanzada.com.mx\/index.php?rest_route=\/wp\/v2\/media\/72516"}],"wp:attachment":[{"href":"https:\/\/diarioavanzada.com.mx\/index.php?rest_route=%2Fwp%2Fv2%2Fmedia&parent=72515"}],"wp:term":[{"taxonomy":"category","embeddable":true,"href":"https:\/\/diarioavanzada.com.mx\/index.php?rest_route=%2Fwp%2Fv2%2Fcategories&post=72515"},{"taxonomy":"post_tag","embeddable":true,"href":"https:\/\/diarioavanzada.com.mx\/index.php?rest_route=%2Fwp%2Fv2%2Ftags&post=72515"}],"curies":[{"name":"wp","href":"https:\/\/api.w.org\/{rel}","templated":true}]}}