{"id":72287,"date":"2025-01-18T22:03:48","date_gmt":"2025-01-19T04:03:48","guid":{"rendered":"https:\/\/diarioavanzada.com.mx\/?p=72287"},"modified":"2025-01-18T22:03:48","modified_gmt":"2025-01-19T04:03:48","slug":"el-papa-francisco-extiende-la-mision-del-cardenal-aguiar-retes-en-la-arquidiocesis-de-mexico","status":"publish","type":"post","link":"https:\/\/diarioavanzada.com.mx\/?p=72287","title":{"rendered":"El Papa Francisco extiende la misi\u00f3n del Cardenal Aguiar Retes en la Arquidi\u00f3cesis de M\u00e9xico"},"content":{"rendered":"\n<p class=\"p1 wp-block-paragraph\">Ciudad de M\u00e9xico, Avanzada (18\/01\/2025).- La Arquidi\u00f3cesis Primada de M\u00e9xico inform\u00f3 que el Papa Francisco ha decidido prolongar la misi\u00f3n pastoral del Cardenal Carlos Aguiar Retes como Arzobispo de M\u00e9xico bajo la f\u00f3rmula donec aliter provideatur, que significa \u201chasta que se disponga otra cosa\u201d.<\/p>\n\n\n\n<p class=\"p1 wp-block-paragraph\">La decisi\u00f3n fue comunicada oficialmente a trav\u00e9s de una carta enviada por la Nunciatura Apost\u00f3lica en M\u00e9xico el pasado 16 de enero, en respuesta a una solicitud previa del Cardenal Aguiar Retes fechada el 27 de noviembre de 2024. En el mensaje, firmado por el representante pontificio, se invita al Cardenal a informar de esta resoluci\u00f3n al presbiterio y a la comunidad arquidiocesana.<\/p>\n\n\n\n<p class=\"p1 wp-block-paragraph\">La Arquidi\u00f3cesis, mediante sus redes sociales, expres\u00f3 su gratitud y respaldo al Arzobispo, exhortando a los fieles a continuar orando por su labor al servicio de la Iglesia.<\/p>\n\n\n\n<p class=\"p1 wp-block-paragraph\">El Cardenal Carlos Aguiar Retes, quien asumi\u00f3 el cargo en febrero de 2018, ha sido reconocido por sus esfuerzos en fortalecer el di\u00e1logo entre la Iglesia y la sociedad, as\u00ed como por su compromiso pastoral en una de las di\u00f3cesis m\u00e1s grandes del mundo. Con esta extensi\u00f3n, su liderazgo se mantendr\u00e1 vigente mientras el Papa no disponga lo contrario.<\/p>\n\n\n\n<p class=\"p1 wp-block-paragraph\">La f\u00f3rmula donec aliter provideatur subraya la confianza del Vaticano en la gesti\u00f3n del Cardenal Aguiar Retes, reafirmando su papel como gu\u00eda espiritual de millones de fieles en la capital mexicana.<\/p>\n\n\n\n<figure class=\"wp-block-image size-large\"><img loading=\"lazy\" decoding=\"async\" width=\"786\" height=\"1024\" src=\"https:\/\/diarioavanzada.com.mx\/wp-content\/uploads\/2025\/01\/img_0422-1-786x1024.jpg\" class=\"wp-image-72286\" srcset=\"https:\/\/diarioavanzada.com.mx\/wp-content\/uploads\/2025\/01\/img_0422-1-786x1024.jpg 786w, https:\/\/diarioavanzada.com.mx\/wp-content\/uploads\/2025\/01\/img_0422-1-230x300.jpg 230w, https:\/\/diarioavanzada.com.mx\/wp-content\/uploads\/2025\/01\/img_0422-1-768x1001.jpg 768w, https:\/\/diarioavanzada.com.mx\/wp-content\/uploads\/2025\/01\/img_0422-1.jpg 982w\" sizes=\"auto, (max-width: 786px) 100vw, 786px\" \/><\/figure>\n<div class=\"fb-background-color\">\n\t\t\t  <div \n\t\t\t  \tclass = \"fb-comments\" \n\t\t\t  \tdata-href = \"https:\/\/diarioavanzada.com.mx\/?p=72287\"\n\t\t\t  \tdata-numposts = \"10\"\n\t\t\t  \tdata-lazy = \"true\"\n\t\t\t\tdata-colorscheme = \"light\"\n\t\t\t\tdata-order-by = \"social\"\n\t\t\t\tdata-mobile=true>\n\t\t\t  <\/div><\/div>\n\t\t  <style>\n\t\t    .fb-background-color {\n\t\t\t\tbackground:  !important;\n\t\t\t}\n\t\t\t.fb_iframe_widget_fluid_desktop iframe {\n\t\t\t    width: 100% !important;\n\t\t\t}\n\t\t  <\/style>\n\t\t  ","protected":false},"excerpt":{"rendered":"<p>Ciudad de M\u00e9xico, Avanzada (18\/01\/2025).- La Arquidi\u00f3cesis Primada de M\u00e9xico inform\u00f3 que el Papa Francisco ha decidido prolongar la misi\u00f3n pastoral del Cardenal Carlos Aguiar Retes como Arzobispo de M\u00e9xico bajo la f\u00f3rmula donec aliter provideatur, que significa \u201chasta que se disponga otra cosa\u201d. La decisi\u00f3n fue comunicada oficialmente a trav\u00e9s de una carta enviada [&hellip;]<\/p>\n","protected":false},"author":7,"featured_media":72285,"comment_status":"closed","ping_status":"closed","sticky":false,"template":"","format":"standard","meta":{"_coblocks_attr":"","_coblocks_dimensions":"","_coblocks_responsive_height":"","_coblocks_accordion_ie_support":"","_crdt_document":"","advanced_seo_description":"","jetpack_seo_html_title":"","jetpack_seo_noindex":false,"_jetpack_memberships_contains_paid_content":false,"footnotes":""},"categories":[22],"tags":[],"class_list":["post-72287","post","type-post","status-publish","format-standard","has-post-thumbnail","hentry","category-nacion"],"jetpack_featured_media_url":"https:\/\/diarioavanzada.com.mx\/wp-content\/uploads\/2025\/01\/img_0436-1.png","jetpack-related-posts":[],"jetpack_sharing_enabled":true,"amp_enabled":true,"_links":{"self":[{"href":"https:\/\/diarioavanzada.com.mx\/index.php?rest_route=\/wp\/v2\/posts\/72287","targetHints":{"allow":["GET"]}}],"collection":[{"href":"https:\/\/diarioavanzada.com.mx\/index.php?rest_route=\/wp\/v2\/posts"}],"about":[{"href":"https:\/\/diarioavanzada.com.mx\/index.php?rest_route=\/wp\/v2\/types\/post"}],"author":[{"embeddable":true,"href":"https:\/\/diarioavanzada.com.mx\/index.php?rest_route=\/wp\/v2\/users\/7"}],"replies":[{"embeddable":true,"href":"https:\/\/diarioavanzada.com.mx\/index.php?rest_route=%2Fwp%2Fv2%2Fcomments&post=72287"}],"version-history":[{"count":0,"href":"https:\/\/diarioavanzada.com.mx\/index.php?rest_route=\/wp\/v2\/posts\/72287\/revisions"}],"wp:featuredmedia":[{"embeddable":true,"href":"https:\/\/diarioavanzada.com.mx\/index.php?rest_route=\/wp\/v2\/media\/72285"}],"wp:attachment":[{"href":"https:\/\/diarioavanzada.com.mx\/index.php?rest_route=%2Fwp%2Fv2%2Fmedia&parent=72287"}],"wp:term":[{"taxonomy":"category","embeddable":true,"href":"https:\/\/diarioavanzada.com.mx\/index.php?rest_route=%2Fwp%2Fv2%2Fcategories&post=72287"},{"taxonomy":"post_tag","embeddable":true,"href":"https:\/\/diarioavanzada.com.mx\/index.php?rest_route=%2Fwp%2Fv2%2Ftags&post=72287"}],"curies":[{"name":"wp","href":"https:\/\/api.w.org\/{rel}","templated":true}]}}