{"id":72274,"date":"2025-01-18T19:33:25","date_gmt":"2025-01-19T01:33:25","guid":{"rendered":"https:\/\/diarioavanzada.com.mx\/?p=72274"},"modified":"2025-01-18T19:35:16","modified_gmt":"2025-01-19T01:35:16","slug":"encuentran-feto-humano-en-un-contenedor-de-basura-en-san-nicolas-de-los-garza-nuevo-leon","status":"publish","type":"post","link":"https:\/\/diarioavanzada.com.mx\/?p=72274","title":{"rendered":"Encuentran feto humano en un contenedor de basura en San Nicol\u00e1s de los Garza, Nuevo Le\u00f3n"},"content":{"rendered":"\n<p class=\"p1 wp-block-paragraph\">Nuevo Le\u00f3n, M\u00e9xico, Avanzada (18\/01\/2025).- El sol apenas comenzaba a calentar el pavimento en el 15vo sector de Las Puentes, en San Nicol\u00e1s de los Garza, cuando una escena inesperada interrumpi\u00f3 la rutina de quienes trabajan en la recolecci\u00f3n de basura. A bordo de su cami\u00f3n, el equipo de Servicios P\u00fablicos recog\u00eda contenedores, bolsas, restos cotidianos de una ciudad que despierta. Pero aquella ma\u00f1ana, entre los desechos comunes, una bolsa amarilla escond\u00eda una verdad desgarradora.<\/p>\n\n\n\n<p class=\"p1 wp-block-paragraph\">Al abrirla, encontraron un feto, con sus delicadas extremidades apenas formadas, como si el tiempo se hubiera detenido entre siete y ocho meses de gestaci\u00f3n. Era una ni\u00f1a, seg\u00fan confirmaron despu\u00e9s las autoridades. Fue entonces cuando la alarma se encendi\u00f3 y las llamadas se dirigieron a la Agencia Estatal de Investigaciones.<\/p>\n\n\n\n<p class=\"p1 wp-block-paragraph\">El lugar del hallazgo, en el cruce de la avenida Magueyes y la calle Cerro Temeroso, se llen\u00f3 de polic\u00edas municipales y ministeriales, quienes acordonaron el \u00e1rea. La bolsa amarilla, que antes parec\u00eda una m\u00e1s entre tantas, se convirti\u00f3 en el centro de una investigaci\u00f3n que busca respuestas a preguntas que pocos se atreven a formular. \u00bfNaci\u00f3 con vida esta peque\u00f1a? \u00bfQu\u00e9 llev\u00f3 a alguien a dejarla en este lugar?<\/p>\n\n\n\n<p class=\"p1 wp-block-paragraph\">Los vecinos de Las Puentes, sorprendidos por la noticia, miraban a lo lejos el movimiento de las patrullas y los peritos. Algunos se preguntaban en silencio si algo en su entorno pudo haber prevenido esta tragedia.<\/p>\n\n\n\n<p class=\"p1 wp-block-paragraph\">La Fiscal\u00eda General de Justicia ahora investiga el caso para esclarecer si la beb\u00e9 falleci\u00f3 antes del nacimiento o si alcanz\u00f3 a respirar antes de ser abandonada. Mientras tanto, el hallazgo dej\u00f3 un eco en la comunidad, un recordatorio de las historias que quedan enterradas en las calles de nuestras ciudades, esperando ser escuchadas.<\/p>\n\n\n\n<p class=\"p1 wp-block-paragraph\">El d\u00eda continu\u00f3, el cami\u00f3n sigui\u00f3 su recorrido, pero en el coraz\u00f3n de quienes fueron testigos de esa ma\u00f1ana, algo cambi\u00f3. Un silencio se extendi\u00f3 en el aire, ese tipo de silencio que s\u00f3lo queda tras una vida que no lleg\u00f3 a florecer.<\/p>\n\n\n\n<p class=\"p1 wp-block-paragraph\"><\/p>\n\n\n\n<p class=\"p1 wp-block-paragraph\"><\/p>\n\n\n\n<p class=\"p1 wp-block-paragraph\"><\/p>\n\n\n\n<p class=\"p1 wp-block-paragraph\"><\/p>\n\n\n\n<p class=\"p1 wp-block-paragraph\"><\/p>\n<div class=\"fb-background-color\">\n\t\t\t  <div \n\t\t\t  \tclass = \"fb-comments\" \n\t\t\t  \tdata-href = \"https:\/\/diarioavanzada.com.mx\/?p=72274\"\n\t\t\t  \tdata-numposts = \"10\"\n\t\t\t  \tdata-lazy = \"true\"\n\t\t\t\tdata-colorscheme = \"light\"\n\t\t\t\tdata-order-by = \"social\"\n\t\t\t\tdata-mobile=true>\n\t\t\t  <\/div><\/div>\n\t\t  <style>\n\t\t    .fb-background-color {\n\t\t\t\tbackground:  !important;\n\t\t\t}\n\t\t\t.fb_iframe_widget_fluid_desktop iframe {\n\t\t\t    width: 100% !important;\n\t\t\t}\n\t\t  <\/style>\n\t\t  ","protected":false},"excerpt":{"rendered":"<p>Nuevo Le\u00f3n, M\u00e9xico, Avanzada (18\/01\/2025).- El sol apenas comenzaba a calentar el pavimento en el 15vo sector de Las Puentes, en San Nicol\u00e1s de los Garza, cuando una escena inesperada interrumpi\u00f3 la rutina de quienes trabajan en la recolecci\u00f3n de basura. A bordo de su cami\u00f3n, el equipo de Servicios P\u00fablicos recog\u00eda contenedores, bolsas, restos [&hellip;]<\/p>\n","protected":false},"author":7,"featured_media":72273,"comment_status":"closed","ping_status":"closed","sticky":false,"template":"","format":"standard","meta":{"_coblocks_attr":"","_coblocks_dimensions":"","_coblocks_responsive_height":"","_coblocks_accordion_ie_support":"","_crdt_document":"","advanced_seo_description":"","jetpack_seo_html_title":"","jetpack_seo_noindex":false,"_jetpack_memberships_contains_paid_content":false,"footnotes":""},"categories":[22,7,231],"tags":[],"class_list":["post-72274","post","type-post","status-publish","format-standard","has-post-thumbnail","hentry","category-nacion","category-noticias","category-seguridad"],"jetpack_featured_media_url":"https:\/\/diarioavanzada.com.mx\/wp-content\/uploads\/2025\/01\/60a9afa5-e7fb-47fd-b3d7-0c8d1a200ffe-1.png","jetpack-related-posts":[],"jetpack_sharing_enabled":true,"amp_enabled":true,"_links":{"self":[{"href":"https:\/\/diarioavanzada.com.mx\/index.php?rest_route=\/wp\/v2\/posts\/72274","targetHints":{"allow":["GET"]}}],"collection":[{"href":"https:\/\/diarioavanzada.com.mx\/index.php?rest_route=\/wp\/v2\/posts"}],"about":[{"href":"https:\/\/diarioavanzada.com.mx\/index.php?rest_route=\/wp\/v2\/types\/post"}],"author":[{"embeddable":true,"href":"https:\/\/diarioavanzada.com.mx\/index.php?rest_route=\/wp\/v2\/users\/7"}],"replies":[{"embeddable":true,"href":"https:\/\/diarioavanzada.com.mx\/index.php?rest_route=%2Fwp%2Fv2%2Fcomments&post=72274"}],"version-history":[{"count":3,"href":"https:\/\/diarioavanzada.com.mx\/index.php?rest_route=\/wp\/v2\/posts\/72274\/revisions"}],"predecessor-version":[{"id":72280,"href":"https:\/\/diarioavanzada.com.mx\/index.php?rest_route=\/wp\/v2\/posts\/72274\/revisions\/72280"}],"wp:featuredmedia":[{"embeddable":true,"href":"https:\/\/diarioavanzada.com.mx\/index.php?rest_route=\/wp\/v2\/media\/72273"}],"wp:attachment":[{"href":"https:\/\/diarioavanzada.com.mx\/index.php?rest_route=%2Fwp%2Fv2%2Fmedia&parent=72274"}],"wp:term":[{"taxonomy":"category","embeddable":true,"href":"https:\/\/diarioavanzada.com.mx\/index.php?rest_route=%2Fwp%2Fv2%2Fcategories&post=72274"},{"taxonomy":"post_tag","embeddable":true,"href":"https:\/\/diarioavanzada.com.mx\/index.php?rest_route=%2Fwp%2Fv2%2Ftags&post=72274"}],"curies":[{"name":"wp","href":"https:\/\/api.w.org\/{rel}","templated":true}]}}