{"id":72164,"date":"2025-01-18T08:10:40","date_gmt":"2025-01-18T14:10:40","guid":{"rendered":"https:\/\/diarioavanzada.com.mx\/?p=72164"},"modified":"2025-01-18T08:10:40","modified_gmt":"2025-01-18T14:10:40","slug":"para-este-dia-en-colima-se-esperan-temperaturas-de-hasta-40-c-pese-al-frente-frio","status":"publish","type":"post","link":"https:\/\/diarioavanzada.com.mx\/?p=72164","title":{"rendered":"Para este d\u00eda en Colima se esperan temperaturas de hasta 40 \u00b0C pese al frente fr\u00edo"},"content":{"rendered":"\n<p class=\"p1 wp-block-paragraph\">Colima, M\u00e9xico, Avanzada (18\/01\/2025).- Este s\u00e1bado&nbsp; 18 de enero, Colima se mantendr\u00e1 al margen de los efectos directos del frente fr\u00edo No. 24, que impactar\u00e1 principalmente al norte y noreste de M\u00e9xico. En contraste con las bajas temperaturas previstas para estas regiones, en el estado se esperan temperaturas m\u00e1ximas de 35 a 40 \u00b0C, seg\u00fan el pron\u00f3stico del Servicio Meteorol\u00f3gico Nacional (SMN).<\/p>\n\n\n\n<p class=\"p1 wp-block-paragraph\">En la regi\u00f3n del Pac\u00edfico Centro, que incluye a Colima, el cielo permanecer\u00e1 parcialmente nublado, sin probabilidad de lluvias. La ma\u00f1ana ser\u00e1 fresca, especialmente en las zonas altas del estado, mientras que por la tarde predominar\u00e1 un ambiente c\u00e1lido a caluroso. El viento del oeste alcanzar\u00e1 velocidades de 20 a 30 km\/h en las costas de la regi\u00f3n.&nbsp;<\/p>\n\n\n\n<p class=\"p1 wp-block-paragraph\">Ante el ambiente caluroso previsto para este d\u00eda, las autoridades recomiendan a la poblaci\u00f3n mantenerse hidratada, usar ropa ligera y evitar la exposici\u00f3n prolongada al sol, especialmente entre las 11:00 y 16:00 horas, cuando se alcanzar\u00e1n las temperaturas m\u00e1s altas.<\/p>\n\n\n\n<p class=\"p1 wp-block-paragraph\">A pesar de no haber lluvias previstas, se sugiere permanecer atentos a los informes meteorol\u00f3gicos en caso de que las condiciones clim\u00e1ticas cambien.<\/p>\n<div class=\"fb-background-color\">\n\t\t\t  <div \n\t\t\t  \tclass = \"fb-comments\" \n\t\t\t  \tdata-href = \"https:\/\/diarioavanzada.com.mx\/?p=72164\"\n\t\t\t  \tdata-numposts = \"10\"\n\t\t\t  \tdata-lazy = \"true\"\n\t\t\t\tdata-colorscheme = \"light\"\n\t\t\t\tdata-order-by = \"social\"\n\t\t\t\tdata-mobile=true>\n\t\t\t  <\/div><\/div>\n\t\t  <style>\n\t\t    .fb-background-color {\n\t\t\t\tbackground:  !important;\n\t\t\t}\n\t\t\t.fb_iframe_widget_fluid_desktop iframe {\n\t\t\t    width: 100% !important;\n\t\t\t}\n\t\t  <\/style>\n\t\t  ","protected":false},"excerpt":{"rendered":"<p>Colima, M\u00e9xico, Avanzada (18\/01\/2025).- Este s\u00e1bado&nbsp; 18 de enero, Colima se mantendr\u00e1 al margen de los efectos directos del frente fr\u00edo No. 24, que impactar\u00e1 principalmente al norte y noreste de M\u00e9xico. En contraste con las bajas temperaturas previstas para estas regiones, en el estado se esperan temperaturas m\u00e1ximas de 35 a 40 \u00b0C, seg\u00fan [&hellip;]<\/p>\n","protected":false},"author":7,"featured_media":72163,"comment_status":"closed","ping_status":"closed","sticky":false,"template":"","format":"standard","meta":{"_coblocks_attr":"","_coblocks_dimensions":"","_coblocks_responsive_height":"","_coblocks_accordion_ie_support":"","_crdt_document":"","advanced_seo_description":"","jetpack_seo_html_title":"","jetpack_seo_noindex":false,"_jetpack_memberships_contains_paid_content":false,"footnotes":""},"categories":[19,7],"tags":[],"class_list":["post-72164","post","type-post","status-publish","format-standard","has-post-thumbnail","hentry","category-colima","category-noticias"],"jetpack_featured_media_url":"https:\/\/diarioavanzada.com.mx\/wp-content\/uploads\/2025\/01\/img_6606-1.jpg","jetpack-related-posts":[],"jetpack_sharing_enabled":true,"amp_enabled":true,"_links":{"self":[{"href":"https:\/\/diarioavanzada.com.mx\/index.php?rest_route=\/wp\/v2\/posts\/72164","targetHints":{"allow":["GET"]}}],"collection":[{"href":"https:\/\/diarioavanzada.com.mx\/index.php?rest_route=\/wp\/v2\/posts"}],"about":[{"href":"https:\/\/diarioavanzada.com.mx\/index.php?rest_route=\/wp\/v2\/types\/post"}],"author":[{"embeddable":true,"href":"https:\/\/diarioavanzada.com.mx\/index.php?rest_route=\/wp\/v2\/users\/7"}],"replies":[{"embeddable":true,"href":"https:\/\/diarioavanzada.com.mx\/index.php?rest_route=%2Fwp%2Fv2%2Fcomments&post=72164"}],"version-history":[{"count":0,"href":"https:\/\/diarioavanzada.com.mx\/index.php?rest_route=\/wp\/v2\/posts\/72164\/revisions"}],"wp:featuredmedia":[{"embeddable":true,"href":"https:\/\/diarioavanzada.com.mx\/index.php?rest_route=\/wp\/v2\/media\/72163"}],"wp:attachment":[{"href":"https:\/\/diarioavanzada.com.mx\/index.php?rest_route=%2Fwp%2Fv2%2Fmedia&parent=72164"}],"wp:term":[{"taxonomy":"category","embeddable":true,"href":"https:\/\/diarioavanzada.com.mx\/index.php?rest_route=%2Fwp%2Fv2%2Fcategories&post=72164"},{"taxonomy":"post_tag","embeddable":true,"href":"https:\/\/diarioavanzada.com.mx\/index.php?rest_route=%2Fwp%2Fv2%2Ftags&post=72164"}],"curies":[{"name":"wp","href":"https:\/\/api.w.org\/{rel}","templated":true}]}}