{"id":72149,"date":"2025-01-17T23:54:17","date_gmt":"2025-01-18T05:54:17","guid":{"rendered":"https:\/\/diarioavanzada.com.mx\/?p=72149"},"modified":"2025-01-17T23:54:17","modified_gmt":"2025-01-18T05:54:17","slug":"a-pesar-de-contar-con-el-mecanismo-de-proteccion-asesinan-al-periodista-calletano-de-jesus","status":"publish","type":"post","link":"https:\/\/diarioavanzada.com.mx\/?p=72149","title":{"rendered":"A pesar de contar con el mecanismo de protecci\u00f3n \ufffcasesinan al periodista Calletano de Jes\u00fas"},"content":{"rendered":"\n<p class=\"p1 wp-block-paragraph\">M\u00e9xico, Avanzada (17\/01\/2025).- Este viernes, el periodista y subdirector de Global M\u00e9xico, Calletano de Jes\u00fas Guerrero, fue asesinado en Teoloyucan, Estado de M\u00e9xico, en un ataque que vuelve a evidenciar la vulnerabilidad de los comunicadores en M\u00e9xico frente a la violencia.<\/p>\n\n\n\n<p class=\"p1 wp-block-paragraph\">Seg\u00fan los reportes, un grupo de sujetos desconocidos lleg\u00f3 al lugar donde se encontraba Calletano y lo atac\u00f3 con un arma de fuego, acabando con su vida. Este tr\u00e1gico hecho ocurre apenas d\u00edas despu\u00e9s de que el periodista fuera amenazado por presuntos integrantes de un grupo delictivo en su propio domicilio, el pasado 13 de enero.<\/p>\n\n\n\n<p class=\"p1 wp-block-paragraph\">Como miembro de Global M\u00e9xico, una empresa especializada en seguridad, Calletano era beneficiario del Mecanismo de Protecci\u00f3n para Personas Defensoras de Derechos Humanos y Periodistas. Sin embargo, estas medidas no fueron suficientes para salvaguardar su integridad.<\/p>\n\n\n\n<p class=\"p1 wp-block-paragraph\">El Mecanismo de Protecci\u00f3n y las autoridades estatales ahora enfrentan cuestionamientos sobre la efectividad de sus protocolos de seguridad, especialmente ante las amenazas previas que hab\u00eda recibido el periodista.<\/p>\n\n\n\n<p class=\"p1 wp-block-paragraph\">La organizaci\u00f3n Art\u00edculo 19, que trabaja en la defensa de la libertad de expresi\u00f3n y el derecho a la informaci\u00f3n, conden\u00f3 el asesinato y urgi\u00f3 al Mecanismo a coordinarse con las autoridades del Estado de M\u00e9xico para proteger a los familiares y colegas de Calletano de posibles represalias.<\/p>\n\n\n\n<p class=\"p1 wp-block-paragraph\">En un comunicado, Art\u00edculo 19 reiter\u00f3 la necesidad de garantizar justicia para el caso y enfatiz\u00f3 que la violencia contra periodistas atenta directamente contra el derecho de la sociedad a estar informada.<\/p>\n\n\n\n<p class=\"p1 wp-block-paragraph\">El asesinato de Calletano de Jes\u00fas Guerrero se suma a una larga lista de ataques contra periodistas en M\u00e9xico, que es uno de los pa\u00edses m\u00e1s peligrosos del mundo para ejercer esta profesi\u00f3n. De acuerdo con cifras de organizaciones internacionales, la mayor\u00eda de los cr\u00edmenes contra comunicadores permanece en la impunidad, lo que alimenta un clima de inseguridad y vulnerabilidad para quienes buscan informar a la sociedad.<\/p>\n<div class=\"fb-background-color\">\n\t\t\t  <div \n\t\t\t  \tclass = \"fb-comments\" \n\t\t\t  \tdata-href = \"https:\/\/diarioavanzada.com.mx\/?p=72149\"\n\t\t\t  \tdata-numposts = \"10\"\n\t\t\t  \tdata-lazy = \"true\"\n\t\t\t\tdata-colorscheme = \"light\"\n\t\t\t\tdata-order-by = \"social\"\n\t\t\t\tdata-mobile=true>\n\t\t\t  <\/div><\/div>\n\t\t  <style>\n\t\t    .fb-background-color {\n\t\t\t\tbackground:  !important;\n\t\t\t}\n\t\t\t.fb_iframe_widget_fluid_desktop iframe {\n\t\t\t    width: 100% !important;\n\t\t\t}\n\t\t  <\/style>\n\t\t  ","protected":false},"excerpt":{"rendered":"<p>M\u00e9xico, Avanzada (17\/01\/2025).- Este viernes, el periodista y subdirector de Global M\u00e9xico, Calletano de Jes\u00fas Guerrero, fue asesinado en Teoloyucan, Estado de M\u00e9xico, en un ataque que vuelve a evidenciar la vulnerabilidad de los comunicadores en M\u00e9xico frente a la violencia. Seg\u00fan los reportes, un grupo de sujetos desconocidos lleg\u00f3 al lugar donde se encontraba [&hellip;]<\/p>\n","protected":false},"author":7,"featured_media":72148,"comment_status":"closed","ping_status":"closed","sticky":false,"template":"","format":"standard","meta":{"_coblocks_attr":"","_coblocks_dimensions":"","_coblocks_responsive_height":"","_coblocks_accordion_ie_support":"","_crdt_document":"","advanced_seo_description":"","jetpack_seo_html_title":"","jetpack_seo_noindex":false,"_jetpack_memberships_contains_paid_content":false,"footnotes":""},"categories":[22,7,231],"tags":[],"class_list":["post-72149","post","type-post","status-publish","format-standard","has-post-thumbnail","hentry","category-nacion","category-noticias","category-seguridad"],"jetpack_featured_media_url":"https:\/\/diarioavanzada.com.mx\/wp-content\/uploads\/2025\/01\/5c302650-ca67-4660-835f-5253e73f993e-1.jpg","jetpack-related-posts":[],"jetpack_sharing_enabled":true,"amp_enabled":true,"_links":{"self":[{"href":"https:\/\/diarioavanzada.com.mx\/index.php?rest_route=\/wp\/v2\/posts\/72149","targetHints":{"allow":["GET"]}}],"collection":[{"href":"https:\/\/diarioavanzada.com.mx\/index.php?rest_route=\/wp\/v2\/posts"}],"about":[{"href":"https:\/\/diarioavanzada.com.mx\/index.php?rest_route=\/wp\/v2\/types\/post"}],"author":[{"embeddable":true,"href":"https:\/\/diarioavanzada.com.mx\/index.php?rest_route=\/wp\/v2\/users\/7"}],"replies":[{"embeddable":true,"href":"https:\/\/diarioavanzada.com.mx\/index.php?rest_route=%2Fwp%2Fv2%2Fcomments&post=72149"}],"version-history":[{"count":1,"href":"https:\/\/diarioavanzada.com.mx\/index.php?rest_route=\/wp\/v2\/posts\/72149\/revisions"}],"predecessor-version":[{"id":72150,"href":"https:\/\/diarioavanzada.com.mx\/index.php?rest_route=\/wp\/v2\/posts\/72149\/revisions\/72150"}],"wp:featuredmedia":[{"embeddable":true,"href":"https:\/\/diarioavanzada.com.mx\/index.php?rest_route=\/wp\/v2\/media\/72148"}],"wp:attachment":[{"href":"https:\/\/diarioavanzada.com.mx\/index.php?rest_route=%2Fwp%2Fv2%2Fmedia&parent=72149"}],"wp:term":[{"taxonomy":"category","embeddable":true,"href":"https:\/\/diarioavanzada.com.mx\/index.php?rest_route=%2Fwp%2Fv2%2Fcategories&post=72149"},{"taxonomy":"post_tag","embeddable":true,"href":"https:\/\/diarioavanzada.com.mx\/index.php?rest_route=%2Fwp%2Fv2%2Ftags&post=72149"}],"curies":[{"name":"wp","href":"https:\/\/api.w.org\/{rel}","templated":true}]}}