{"id":72139,"date":"2025-01-18T08:42:11","date_gmt":"2025-01-18T14:42:11","guid":{"rendered":"https:\/\/diarioavanzada.com.mx\/?p=72139"},"modified":"2025-01-18T08:42:11","modified_gmt":"2025-01-18T14:42:11","slug":"menores-en-riesgo","status":"publish","type":"post","link":"https:\/\/diarioavanzada.com.mx\/?p=72139","title":{"rendered":"Menores en riesgo"},"content":{"rendered":"\n<p class=\"wp-block-paragraph\">Colima, M\u00e9xico, Avanzada (18\/01\/2025).- La noche del pasado 15 de enero, un veh\u00edculo que transportaba a un grupo de jornaleros sufri\u00f3 un accidente en la carretera a Tepames, dejando a todos los pasajeros heridos, entre ellos dos menores de edad. No es la primera vez que ocurre un accidente de este tipo y en donde menores de edad est\u00e1n involucrados.<\/p>\n\n\n\n<p class=\"wp-block-paragraph\">El 8 de septiembre de 2020, una camioneta que llevaba a jornaleros al corte de lim\u00f3n en el municipio de Tecom\u00e1n volc\u00f3 en una brecha que conduce al poblado Cerro de Ortega, cayendo a un canal de riego. En ese tr\u00e1gico suceso, murieron una ni\u00f1a de 12 a\u00f1os y un menor de 6 a\u00f1os, mientras que otros tres menores resultaron gravemente heridos.<\/p>\n\n\n\n<p class=\"wp-block-paragraph\">Por ese accidente, la Comisi\u00f3n de Derechos Humanos del Estado de Colima (CDHEC) abri\u00f3 una investigaci\u00f3n de oficio para esclarecer las circunstancias del hecho. Sin embargo, hasta la fecha no se han dado a conocer las conclusiones de dicha investigaci\u00f3n.<\/p>\n\n\n\n<p class=\"wp-block-paragraph\">El contexto de estos accidentes se agrava con los datos de la Encuesta Nacional de Trabajo Infantil (ENTI) 2022, que revel\u00f3 que m\u00e1s de 28 mil ni\u00f1os y ni\u00f1as en Colima participan en actividades laborales, de los cuales m\u00e1s de 14 mil realizan trabajos no aptos para su edad. Esta situaci\u00f3n expone a los menores a riesgos f\u00edsicos y limita sus derechos fundamentales, como el acceso a la educaci\u00f3n y el juego.<\/p>\n\n\n\n<p class=\"wp-block-paragraph\">La ENTI tambi\u00e9n destac\u00f3 que el trabajo infantil en Colima aument\u00f3 del 13.9% en 2019 al 17% en 2022, situando a la entidad en la s\u00e9ptima posici\u00f3n nacional en esta problem\u00e1tica. Hasta el momento los datos m\u00e1s recientes corresponden al 2022. Adem\u00e1s, m\u00e1s de 10 mil menores que laboran en condiciones no permitidas no reciben un salario justo, lo que agrava su situaci\u00f3n de vulnerabilidad.<\/p>\n\n\n\n<p class=\"wp-block-paragraph\">Hasta el momento, las autoridades no han emitido informaci\u00f3n sobre posibles sanciones o medidas preventivas para garantizar la seguridad de los jornaleros en sus desplazamientos y tampoco se han pronunciado sobre las acciones que realizar\u00e1n para garantizar el bienestar de las infancias.<\/p>\n<div class=\"fb-background-color\">\n\t\t\t  <div \n\t\t\t  \tclass = \"fb-comments\" \n\t\t\t  \tdata-href = \"https:\/\/diarioavanzada.com.mx\/?p=72139\"\n\t\t\t  \tdata-numposts = \"10\"\n\t\t\t  \tdata-lazy = \"true\"\n\t\t\t\tdata-colorscheme = \"light\"\n\t\t\t\tdata-order-by = \"social\"\n\t\t\t\tdata-mobile=true>\n\t\t\t  <\/div><\/div>\n\t\t  <style>\n\t\t    .fb-background-color {\n\t\t\t\tbackground:  !important;\n\t\t\t}\n\t\t\t.fb_iframe_widget_fluid_desktop iframe {\n\t\t\t    width: 100% !important;\n\t\t\t}\n\t\t  <\/style>\n\t\t  ","protected":false},"excerpt":{"rendered":"<p>Colima, M\u00e9xico, Avanzada (18\/01\/2025).- La noche del pasado 15 de enero, un veh\u00edculo que transportaba a un grupo de jornaleros sufri\u00f3 un accidente en la carretera a Tepames, dejando a todos los pasajeros heridos, entre ellos dos menores de edad. No es la primera vez que ocurre un accidente de este tipo y en donde [&hellip;]<\/p>\n","protected":false},"author":5,"featured_media":72168,"comment_status":"closed","ping_status":"closed","sticky":false,"template":"","format":"standard","meta":{"_coblocks_attr":"","_coblocks_dimensions":"","_coblocks_responsive_height":"","_coblocks_accordion_ie_support":"","_crdt_document":"","advanced_seo_description":"","jetpack_seo_html_title":"","jetpack_seo_noindex":false,"_jetpack_memberships_contains_paid_content":false,"footnotes":""},"categories":[19,209,7],"tags":[],"class_list":["post-72139","post","type-post","status-publish","format-standard","has-post-thumbnail","hentry","category-colima","category-importantes","category-noticias"],"jetpack_featured_media_url":"https:\/\/diarioavanzada.com.mx\/wp-content\/uploads\/2025\/01\/img_3706-1.jpg","jetpack-related-posts":[],"jetpack_sharing_enabled":true,"amp_enabled":true,"_links":{"self":[{"href":"https:\/\/diarioavanzada.com.mx\/index.php?rest_route=\/wp\/v2\/posts\/72139","targetHints":{"allow":["GET"]}}],"collection":[{"href":"https:\/\/diarioavanzada.com.mx\/index.php?rest_route=\/wp\/v2\/posts"}],"about":[{"href":"https:\/\/diarioavanzada.com.mx\/index.php?rest_route=\/wp\/v2\/types\/post"}],"author":[{"embeddable":true,"href":"https:\/\/diarioavanzada.com.mx\/index.php?rest_route=\/wp\/v2\/users\/5"}],"replies":[{"embeddable":true,"href":"https:\/\/diarioavanzada.com.mx\/index.php?rest_route=%2Fwp%2Fv2%2Fcomments&post=72139"}],"version-history":[{"count":1,"href":"https:\/\/diarioavanzada.com.mx\/index.php?rest_route=\/wp\/v2\/posts\/72139\/revisions"}],"predecessor-version":[{"id":72169,"href":"https:\/\/diarioavanzada.com.mx\/index.php?rest_route=\/wp\/v2\/posts\/72139\/revisions\/72169"}],"wp:featuredmedia":[{"embeddable":true,"href":"https:\/\/diarioavanzada.com.mx\/index.php?rest_route=\/wp\/v2\/media\/72168"}],"wp:attachment":[{"href":"https:\/\/diarioavanzada.com.mx\/index.php?rest_route=%2Fwp%2Fv2%2Fmedia&parent=72139"}],"wp:term":[{"taxonomy":"category","embeddable":true,"href":"https:\/\/diarioavanzada.com.mx\/index.php?rest_route=%2Fwp%2Fv2%2Fcategories&post=72139"},{"taxonomy":"post_tag","embeddable":true,"href":"https:\/\/diarioavanzada.com.mx\/index.php?rest_route=%2Fwp%2Fv2%2Ftags&post=72139"}],"curies":[{"name":"wp","href":"https:\/\/api.w.org\/{rel}","templated":true}]}}