{"id":72045,"date":"2025-01-17T11:49:35","date_gmt":"2025-01-17T17:49:35","guid":{"rendered":"https:\/\/diarioavanzada.com.mx\/?p=72045"},"modified":"2025-01-17T11:51:10","modified_gmt":"2025-01-17T17:51:10","slug":"indira-vizcaino-escala-diez-posiciones-en-ranking-de-gobernadores","status":"publish","type":"post","link":"https:\/\/diarioavanzada.com.mx\/?p=72045","title":{"rendered":"Indira Vizca\u00edno escala diez posiciones en el ranking de gobernadores Mitofsky"},"content":{"rendered":"\n<p class=\"p1 wp-block-paragraph\">Colima, M\u00e9xico, Avanzada (17\/01\/2025).- \ufffcEn el m\u00e1s reciente ranking de aprobaci\u00f3n de gobernadores elaborado por Consulta Mitofsky, correspondiente a diciembre de 2024, la gobernadora de Colima, Indira Vizca\u00edno Silva, destac\u00f3 al avanzar del puesto 26 al 16, logrando un respaldo del 51.9% de los encuestados. A pesar de su avance, el 46.9% de los ciudadanos desaprueba su gesti\u00f3n, mientras que un 1.2% no emiti\u00f3 opini\u00f3n.<\/p>\n\n\n\n<p class=\"p1 wp-block-paragraph\">El ranking es encabezado por Mara Lezama, gobernadora de Quintana Roo, con un 58% de aprobaci\u00f3n, seguida de Ricardo Gallardo, de San Luis Potos\u00ed, con 57.1%, y Tere Jim\u00e9nez, de Aguascalientes, con 53.9%.<\/p>\n\n\n\n<p class=\"p1 wp-block-paragraph\">En contraste, en los \u00faltimos lugares se encuentran Evelyn Salgado, gobernadora de Guerrero, en la posici\u00f3n 32 con 44.9% de aprobaci\u00f3n; Roc\u00edo Nahle, de Veracruz, en el puesto 31 con 45%; y Javier May, de Tabasco, en el lugar 30 con 45.6%.<\/p>\n\n\n\n<p class=\"p1 wp-block-paragraph\">Este avance para Vizca\u00edno Silva representar\u00eda un cambio significativo en la percepci\u00f3n ciudadana sobre su gesti\u00f3n en Colima.<\/p>\n\n\n\n<figure class=\"wp-block-image size-large\"><img loading=\"lazy\" decoding=\"async\" width=\"598\" height=\"1024\" src=\"https:\/\/diarioavanzada.com.mx\/wp-content\/uploads\/2025\/01\/img_0403-1-598x1024.jpg\" alt=\"\" class=\"wp-image-72042\" srcset=\"https:\/\/diarioavanzada.com.mx\/wp-content\/uploads\/2025\/01\/img_0403-1-598x1024.jpg 598w, https:\/\/diarioavanzada.com.mx\/wp-content\/uploads\/2025\/01\/img_0403-1-175x300.jpg 175w, https:\/\/diarioavanzada.com.mx\/wp-content\/uploads\/2025\/01\/img_0403-1-768x1315.jpg 768w, https:\/\/diarioavanzada.com.mx\/wp-content\/uploads\/2025\/01\/img_0403-1-897x1536.jpg 897w, https:\/\/diarioavanzada.com.mx\/wp-content\/uploads\/2025\/01\/img_0403-1.jpg 1168w\" sizes=\"auto, (max-width: 598px) 100vw, 598px\" \/><\/figure>\n\n\n\n<figure class=\"wp-block-image size-large\"><img loading=\"lazy\" decoding=\"async\" width=\"1024\" height=\"893\" src=\"https:\/\/diarioavanzada.com.mx\/wp-content\/uploads\/2025\/01\/img_0404-1-1024x893.jpg\" alt=\"\" class=\"wp-image-72043\" srcset=\"https:\/\/diarioavanzada.com.mx\/wp-content\/uploads\/2025\/01\/img_0404-1-1024x893.jpg 1024w, https:\/\/diarioavanzada.com.mx\/wp-content\/uploads\/2025\/01\/img_0404-1-300x262.jpg 300w, https:\/\/diarioavanzada.com.mx\/wp-content\/uploads\/2025\/01\/img_0404-1-768x670.jpg 768w, https:\/\/diarioavanzada.com.mx\/wp-content\/uploads\/2025\/01\/img_0404-1.jpg 1170w\" sizes=\"auto, (max-width: 1024px) 100vw, 1024px\" \/><\/figure>\n<div class=\"fb-background-color\">\n\t\t\t  <div \n\t\t\t  \tclass = \"fb-comments\" \n\t\t\t  \tdata-href = \"https:\/\/diarioavanzada.com.mx\/?p=72045\"\n\t\t\t  \tdata-numposts = \"10\"\n\t\t\t  \tdata-lazy = \"true\"\n\t\t\t\tdata-colorscheme = \"light\"\n\t\t\t\tdata-order-by = \"social\"\n\t\t\t\tdata-mobile=true>\n\t\t\t  <\/div><\/div>\n\t\t  <style>\n\t\t    .fb-background-color {\n\t\t\t\tbackground:  !important;\n\t\t\t}\n\t\t\t.fb_iframe_widget_fluid_desktop iframe {\n\t\t\t    width: 100% !important;\n\t\t\t}\n\t\t  <\/style>\n\t\t  ","protected":false},"excerpt":{"rendered":"<p>Colima, M\u00e9xico, Avanzada (17\/01\/2025).- \ufffcEn el m\u00e1s reciente ranking de aprobaci\u00f3n de gobernadores elaborado por Consulta Mitofsky, correspondiente a diciembre de 2024, la gobernadora de Colima, Indira Vizca\u00edno Silva, destac\u00f3 al avanzar del puesto 26 al 16, logrando un respaldo del 51.9% de los encuestados. A pesar de su avance, el 46.9% de los ciudadanos [&hellip;]<\/p>\n","protected":false},"author":7,"featured_media":72048,"comment_status":"closed","ping_status":"closed","sticky":false,"template":"","format":"standard","meta":{"_coblocks_attr":"","_coblocks_dimensions":"","_coblocks_responsive_height":"","_coblocks_accordion_ie_support":"","_crdt_document":"","advanced_seo_description":"","jetpack_seo_html_title":"","jetpack_seo_noindex":false,"_jetpack_memberships_contains_paid_content":false,"footnotes":""},"categories":[19,209],"tags":[],"class_list":["post-72045","post","type-post","status-publish","format-standard","has-post-thumbnail","hentry","category-colima","category-importantes"],"jetpack_featured_media_url":"https:\/\/diarioavanzada.com.mx\/wp-content\/uploads\/2025\/01\/img_0405-1.jpg","jetpack-related-posts":[],"jetpack_sharing_enabled":true,"amp_enabled":true,"_links":{"self":[{"href":"https:\/\/diarioavanzada.com.mx\/index.php?rest_route=\/wp\/v2\/posts\/72045","targetHints":{"allow":["GET"]}}],"collection":[{"href":"https:\/\/diarioavanzada.com.mx\/index.php?rest_route=\/wp\/v2\/posts"}],"about":[{"href":"https:\/\/diarioavanzada.com.mx\/index.php?rest_route=\/wp\/v2\/types\/post"}],"author":[{"embeddable":true,"href":"https:\/\/diarioavanzada.com.mx\/index.php?rest_route=\/wp\/v2\/users\/7"}],"replies":[{"embeddable":true,"href":"https:\/\/diarioavanzada.com.mx\/index.php?rest_route=%2Fwp%2Fv2%2Fcomments&post=72045"}],"version-history":[{"count":2,"href":"https:\/\/diarioavanzada.com.mx\/index.php?rest_route=\/wp\/v2\/posts\/72045\/revisions"}],"predecessor-version":[{"id":72047,"href":"https:\/\/diarioavanzada.com.mx\/index.php?rest_route=\/wp\/v2\/posts\/72045\/revisions\/72047"}],"wp:featuredmedia":[{"embeddable":true,"href":"https:\/\/diarioavanzada.com.mx\/index.php?rest_route=\/wp\/v2\/media\/72048"}],"wp:attachment":[{"href":"https:\/\/diarioavanzada.com.mx\/index.php?rest_route=%2Fwp%2Fv2%2Fmedia&parent=72045"}],"wp:term":[{"taxonomy":"category","embeddable":true,"href":"https:\/\/diarioavanzada.com.mx\/index.php?rest_route=%2Fwp%2Fv2%2Fcategories&post=72045"},{"taxonomy":"post_tag","embeddable":true,"href":"https:\/\/diarioavanzada.com.mx\/index.php?rest_route=%2Fwp%2Fv2%2Ftags&post=72045"}],"curies":[{"name":"wp","href":"https:\/\/api.w.org\/{rel}","templated":true}]}}