{"id":72026,"date":"2025-01-17T10:27:09","date_gmt":"2025-01-17T16:27:09","guid":{"rendered":"https:\/\/diarioavanzada.com.mx\/?p=72026"},"modified":"2025-01-17T10:35:30","modified_gmt":"2025-01-17T16:35:30","slug":"el-mencho-esta-muerto-para-la-dea-pero-en-michoacan-siguen-celebrando-su-cumpleanos","status":"publish","type":"post","link":"https:\/\/diarioavanzada.com.mx\/?p=72026","title":{"rendered":"\u201cEl Mencho\u201d est\u00e1 muerto para la DEA, pero en Michoac\u00e1n le hacen fiesta"},"content":{"rendered":"\n<p class=\"p1 wp-block-paragraph\">Michoac\u00e1n, M\u00e9xico, Avanzada (17\/01\/2025).- A lo largo de los \u00faltimos meses circul\u00f3 una versi\u00f3n que asegura que Nemesio Rub\u00e9n Oseguera Cervantes, alias \u201cEl Mencho\u201d, l\u00edder del C\u00e1rtel Jalisco Nueva Generaci\u00f3n (CJNG), habr\u00eda fallecido debido a una enfermedad renal. Este trascendido fue divulgado entre otros, por el periodista Ricardo Ravelo en 2024, quien cit\u00f3 a una fuente de la DEA y sugiri\u00f3 que el Gobierno de M\u00e9xico opt\u00f3 por no confirmar la informaci\u00f3n para evitar provocar un revuelo. Ravelo aclar\u00f3 que no existen pruebas que respalden la muerte de El Mencho, y que tanto los gobiernos de M\u00e9xico como Estados Unidos guardan silencio sobre el asunto.<\/p>\n\n\n\n<p class=\"p1 wp-block-paragraph\">En medio de estos rumores, el Departamento de Estado de Estados Unidos anunci\u00f3 en diciembre de 2024 un aumento en la recompensa por informaci\u00f3n que conduzca a la captura de Oseguera Cervantes, pasando de 10 a 15 millones de d\u00f3lares, lo que aviv\u00f3 a\u00fan m\u00e1s el inter\u00e9s p\u00fablico sobre su paradero.<\/p>\n\n\n\n<p class=\"wp-block-paragraph\">Por su parte, el fiscal general de la Rep\u00fablica, Alejandro Gertz Manero, fue cuestionado sobre la posible muerte de Nemesio Oseguera Cervantes. Sin embargo, Gertz se mostr\u00f3 cauto y evit\u00f3 confirmar la informaci\u00f3n, se\u00f1alando que solo actuar\u00e1n con base en denuncias formales. \u201cEn el momento en que haya una denuncia sobre eso, con much\u00edsimo gusto le doy la informaci\u00f3n\u201d, afirm\u00f3.<\/p>\n\n\n\n<p class=\"p1 wp-block-paragraph\">Mientras tanto, este 15 de enero, la localidad de Tinaja de Vargas, en el municipio de Tanhuato, Michoac\u00e1n, fue escenario de una presunta fiesta en honor a El Mencho. En redes sociales comenzaron a circular videos en los que se muestra un evento con m\u00fasica, fuegos artificiales y estructuras en forma de gallos, junto con im\u00e1genes del l\u00edder del CJNG. La comunidad de Tinaja de Vargas no es ajena a este tipo de eventos, ya que en septiembre de 2023 se realiz\u00f3 una fiesta de quince a\u00f1os en honor a la hija de Heraclio Guerrero Mart\u00ednez, alias \u201cEl T\u00edo Laco\u201d, presunto l\u00edder de \u201cLos Guerreros\u201d en la regi\u00f3n.<\/p>\n\n\n\n<p class=\"p1 wp-block-paragraph\">Este tipo de celebraciones, vinculadas al CJNG, no son aisladas. En diciembre de 2024, tambi\u00e9n se llev\u00f3 a cabo un evento en Coalcom\u00e1n, Michoac\u00e1n, en el que integrantes del c\u00e1rtel repartieron regalos a ni\u00f1os y familias, y agradecieron p\u00fablicamente a El Mencho y a otros l\u00edderes del grupo. Estos sucesos contin\u00faan siendo objeto de controversia, mientras las autoridades mantienen un enigm\u00e1tico silencio sobre el impacto y alcance de la influencia del CJNG en diversas regiones del pa\u00eds.<\/p>\n\n\n\n<figure class=\"wp-block-video\"><div class=\"wp-block-embed__wrapper\">\n<iframe title=\"VideoPress Video Player\" aria-label='VideoPress Video Player' width='738' height='1000' src='https:\/\/videopress.com\/embed\/HkPJfCg4?cover=1&amp;preloadContent=metadata&amp;useAverageColor=1&amp;hd=0' frameborder='0' allowfullscreen data-resize-to-parent=\"true\" allow='clipboard-write'><\/iframe><script src='https:\/\/v0.wordpress.com\/js\/next\/videopress-iframe.js?m=1725245713'><\/script>\n<\/div><\/figure>\n\n\n\n<figure class=\"wp-block-video\"><div class=\"wp-block-embed__wrapper\">\n<iframe title=\"VideoPress Video Player\" aria-label='VideoPress Video Player' width='740' height='1000' src='https:\/\/videopress.com\/embed\/BpmDoMLx?cover=1&amp;preloadContent=metadata&amp;useAverageColor=1&amp;hd=0' frameborder='0' allowfullscreen data-resize-to-parent=\"true\" allow='clipboard-write'><\/iframe><script src='https:\/\/v0.wordpress.com\/js\/next\/videopress-iframe.js?m=1725245713'><\/script>\n<\/div><\/figure>\n<div class=\"fb-background-color\">\n\t\t\t  <div \n\t\t\t  \tclass = \"fb-comments\" \n\t\t\t  \tdata-href = \"https:\/\/diarioavanzada.com.mx\/?p=72026\"\n\t\t\t  \tdata-numposts = \"10\"\n\t\t\t  \tdata-lazy = \"true\"\n\t\t\t\tdata-colorscheme = \"light\"\n\t\t\t\tdata-order-by = \"social\"\n\t\t\t\tdata-mobile=true>\n\t\t\t  <\/div><\/div>\n\t\t  <style>\n\t\t    .fb-background-color {\n\t\t\t\tbackground:  !important;\n\t\t\t}\n\t\t\t.fb_iframe_widget_fluid_desktop iframe {\n\t\t\t    width: 100% !important;\n\t\t\t}\n\t\t  <\/style>\n\t\t  ","protected":false},"excerpt":{"rendered":"<p>Michoac\u00e1n, M\u00e9xico, Avanzada (17\/01\/2025).- A lo largo de los \u00faltimos meses circul\u00f3 una versi\u00f3n que asegura que Nemesio Rub\u00e9n Oseguera Cervantes, alias \u201cEl Mencho\u201d, l\u00edder del C\u00e1rtel Jalisco Nueva Generaci\u00f3n (CJNG), habr\u00eda fallecido debido a una enfermedad renal. Este trascendido fue divulgado entre otros, por el periodista Ricardo Ravelo en 2024, quien cit\u00f3 a una [&hellip;]<\/p>\n","protected":false},"author":7,"featured_media":72029,"comment_status":"closed","ping_status":"closed","sticky":false,"template":"","format":"standard","meta":{"_coblocks_attr":"","_coblocks_dimensions":"","_coblocks_responsive_height":"","_coblocks_accordion_ie_support":"","_crdt_document":"","advanced_seo_description":"","jetpack_seo_html_title":"","jetpack_seo_noindex":false,"_jetpack_memberships_contains_paid_content":false,"footnotes":""},"categories":[22,7,231],"tags":[],"class_list":["post-72026","post","type-post","status-publish","format-standard","has-post-thumbnail","hentry","category-nacion","category-noticias","category-seguridad"],"jetpack_featured_media_url":"https:\/\/diarioavanzada.com.mx\/wp-content\/uploads\/2025\/01\/img_0401-1.png","jetpack-related-posts":[],"jetpack_sharing_enabled":true,"amp_enabled":true,"_links":{"self":[{"href":"https:\/\/diarioavanzada.com.mx\/index.php?rest_route=\/wp\/v2\/posts\/72026","targetHints":{"allow":["GET"]}}],"collection":[{"href":"https:\/\/diarioavanzada.com.mx\/index.php?rest_route=\/wp\/v2\/posts"}],"about":[{"href":"https:\/\/diarioavanzada.com.mx\/index.php?rest_route=\/wp\/v2\/types\/post"}],"author":[{"embeddable":true,"href":"https:\/\/diarioavanzada.com.mx\/index.php?rest_route=\/wp\/v2\/users\/7"}],"replies":[{"embeddable":true,"href":"https:\/\/diarioavanzada.com.mx\/index.php?rest_route=%2Fwp%2Fv2%2Fcomments&post=72026"}],"version-history":[{"count":3,"href":"https:\/\/diarioavanzada.com.mx\/index.php?rest_route=\/wp\/v2\/posts\/72026\/revisions"}],"predecessor-version":[{"id":72034,"href":"https:\/\/diarioavanzada.com.mx\/index.php?rest_route=\/wp\/v2\/posts\/72026\/revisions\/72034"}],"wp:featuredmedia":[{"embeddable":true,"href":"https:\/\/diarioavanzada.com.mx\/index.php?rest_route=\/wp\/v2\/media\/72029"}],"wp:attachment":[{"href":"https:\/\/diarioavanzada.com.mx\/index.php?rest_route=%2Fwp%2Fv2%2Fmedia&parent=72026"}],"wp:term":[{"taxonomy":"category","embeddable":true,"href":"https:\/\/diarioavanzada.com.mx\/index.php?rest_route=%2Fwp%2Fv2%2Fcategories&post=72026"},{"taxonomy":"post_tag","embeddable":true,"href":"https:\/\/diarioavanzada.com.mx\/index.php?rest_route=%2Fwp%2Fv2%2Ftags&post=72026"}],"curies":[{"name":"wp","href":"https:\/\/api.w.org\/{rel}","templated":true}]}}