{"id":72011,"date":"2025-01-17T09:41:54","date_gmt":"2025-01-17T15:41:54","guid":{"rendered":"https:\/\/diarioavanzada.com.mx\/?p=72011"},"modified":"2025-01-17T09:41:54","modified_gmt":"2025-01-17T15:41:54","slug":"denuncian-desaparicion-del-fotoperiodista-moyses-zuniga-en-la-ciudad-de-mexico","status":"publish","type":"post","link":"https:\/\/diarioavanzada.com.mx\/?p=72011","title":{"rendered":"Denuncian desaparici\u00f3n del fotoperiodista Moys\u00e9s Z\u00fa\u00f1iga en la Ciudad de M\u00e9xico"},"content":{"rendered":"\n<p class=\"p1 wp-block-paragraph\">M\u00e9xico, Avanzada (17\/01\/2025).- Familiares, colegas y organizaciones defensoras de la libertad de expresi\u00f3n, como Art\u00edculo 19, denunciaron la desaparici\u00f3n del fotoperiodista mexicano Moys\u00e9s Z\u00fa\u00f1iga Santiago, quien fue visto por \u00faltima vez el pasado 14 de enero en el Centro Hist\u00f3rico de la Ciudad de M\u00e9xico.<\/p>\n\n\n\n<p class=\"p1 wp-block-paragraph\">Z\u00fa\u00f1iga, originario de Chiapas y con una trayectoria reconocida en el fotoperiodismo, tuvo su \u00faltima comunicaci\u00f3n con su familia al mediod\u00eda de ese d\u00eda, cuando report\u00f3 desde la Alameda Central, en la colonia Centro de la alcald\u00eda Cuauht\u00e9moc.<\/p>\n\n\n\n<p class=\"p1 wp-block-paragraph\">Art\u00edculo 19 emiti\u00f3 un llamado en sus redes sociales para que los residentes de la Ciudad de M\u00e9xico colaboren con informaci\u00f3n que pueda ayudar a localizar al periodista. Asimismo, inst\u00f3 a las autoridades a realizar acciones inmediatas y efectivas para su b\u00fasqueda, considerando su labor como comunicador.<\/p>\n\n\n\n<p class=\"p1 wp-block-paragraph\">Seg\u00fan la ficha de b\u00fasqueda oficial, Moys\u00e9s Z\u00fa\u00f1iga tiene 45 a\u00f1os, mide 1.6 metros, es de complexi\u00f3n mediana y tez morena clara. Entre sus se\u00f1as particulares se incluyen varios tatuajes: uno en el dorso de la mano, otro en el abdomen con forma de iguana y uno m\u00e1s en la espalda con un dise\u00f1o de venado, adem\u00e1s de una perforaci\u00f3n en la nariz.<\/p>\n\n\n\n<p class=\"p1 wp-block-paragraph\">La Comisi\u00f3n de Derechos Humanos de la Ciudad de M\u00e9xico tambi\u00e9n manifest\u00f3 su preocupaci\u00f3n, destacando la importancia de que las autoridades consideren la labor period\u00edstica de Z\u00fa\u00f1iga en las acciones de b\u00fasqueda.<\/p>\n\n\n\n<p class=\"p1 wp-block-paragraph\">De acuerdo con Reporteros Sin Fronteras, el pa\u00eds ocupa el lugar 121 de 180 en la clasificaci\u00f3n mundial sobre libertad de prensa, con cerca de 150 periodistas asesinados desde el a\u00f1o 2000 y 28 m\u00e1s en calidad de desaparecidos.<\/p>\n\n\n\n<p class=\"p1 wp-block-paragraph\">Organizaciones y colegas de la prensa exigen que las autoridades garanticen la pronta localizaci\u00f3n del periodista y demandan mayores medidas de protecci\u00f3n para quienes ejercen esta profesi\u00f3n en un entorno cada vez m\u00e1s hostil.<\/p>\n<div class=\"fb-background-color\">\n\t\t\t  <div \n\t\t\t  \tclass = \"fb-comments\" \n\t\t\t  \tdata-href = \"https:\/\/diarioavanzada.com.mx\/?p=72011\"\n\t\t\t  \tdata-numposts = \"10\"\n\t\t\t  \tdata-lazy = \"true\"\n\t\t\t\tdata-colorscheme = \"light\"\n\t\t\t\tdata-order-by = \"social\"\n\t\t\t\tdata-mobile=true>\n\t\t\t  <\/div><\/div>\n\t\t  <style>\n\t\t    .fb-background-color {\n\t\t\t\tbackground:  !important;\n\t\t\t}\n\t\t\t.fb_iframe_widget_fluid_desktop iframe {\n\t\t\t    width: 100% !important;\n\t\t\t}\n\t\t  <\/style>\n\t\t  ","protected":false},"excerpt":{"rendered":"<p>M\u00e9xico, Avanzada (17\/01\/2025).- Familiares, colegas y organizaciones defensoras de la libertad de expresi\u00f3n, como Art\u00edculo 19, denunciaron la desaparici\u00f3n del fotoperiodista mexicano Moys\u00e9s Z\u00fa\u00f1iga Santiago, quien fue visto por \u00faltima vez el pasado 14 de enero en el Centro Hist\u00f3rico de la Ciudad de M\u00e9xico. Z\u00fa\u00f1iga, originario de Chiapas y con una trayectoria reconocida en [&hellip;]<\/p>\n","protected":false},"author":7,"featured_media":72010,"comment_status":"closed","ping_status":"closed","sticky":false,"template":"","format":"standard","meta":{"_coblocks_attr":"","_coblocks_dimensions":"","_coblocks_responsive_height":"","_coblocks_accordion_ie_support":"","_crdt_document":"","advanced_seo_description":"","jetpack_seo_html_title":"","jetpack_seo_noindex":false,"_jetpack_memberships_contains_paid_content":false,"footnotes":""},"categories":[22,7],"tags":[],"class_list":["post-72011","post","type-post","status-publish","format-standard","has-post-thumbnail","hentry","category-nacion","category-noticias"],"jetpack_featured_media_url":"https:\/\/diarioavanzada.com.mx\/wp-content\/uploads\/2025\/01\/img_6583-1.jpg","jetpack-related-posts":[],"jetpack_sharing_enabled":true,"amp_enabled":true,"_links":{"self":[{"href":"https:\/\/diarioavanzada.com.mx\/index.php?rest_route=\/wp\/v2\/posts\/72011","targetHints":{"allow":["GET"]}}],"collection":[{"href":"https:\/\/diarioavanzada.com.mx\/index.php?rest_route=\/wp\/v2\/posts"}],"about":[{"href":"https:\/\/diarioavanzada.com.mx\/index.php?rest_route=\/wp\/v2\/types\/post"}],"author":[{"embeddable":true,"href":"https:\/\/diarioavanzada.com.mx\/index.php?rest_route=\/wp\/v2\/users\/7"}],"replies":[{"embeddable":true,"href":"https:\/\/diarioavanzada.com.mx\/index.php?rest_route=%2Fwp%2Fv2%2Fcomments&post=72011"}],"version-history":[{"count":1,"href":"https:\/\/diarioavanzada.com.mx\/index.php?rest_route=\/wp\/v2\/posts\/72011\/revisions"}],"predecessor-version":[{"id":72027,"href":"https:\/\/diarioavanzada.com.mx\/index.php?rest_route=\/wp\/v2\/posts\/72011\/revisions\/72027"}],"wp:featuredmedia":[{"embeddable":true,"href":"https:\/\/diarioavanzada.com.mx\/index.php?rest_route=\/wp\/v2\/media\/72010"}],"wp:attachment":[{"href":"https:\/\/diarioavanzada.com.mx\/index.php?rest_route=%2Fwp%2Fv2%2Fmedia&parent=72011"}],"wp:term":[{"taxonomy":"category","embeddable":true,"href":"https:\/\/diarioavanzada.com.mx\/index.php?rest_route=%2Fwp%2Fv2%2Fcategories&post=72011"},{"taxonomy":"post_tag","embeddable":true,"href":"https:\/\/diarioavanzada.com.mx\/index.php?rest_route=%2Fwp%2Fv2%2Ftags&post=72011"}],"curies":[{"name":"wp","href":"https:\/\/api.w.org\/{rel}","templated":true}]}}