{"id":72003,"date":"2025-01-17T09:51:19","date_gmt":"2025-01-17T15:51:19","guid":{"rendered":"https:\/\/diarioavanzada.com.mx\/?p=72003"},"modified":"2025-01-17T09:51:19","modified_gmt":"2025-01-17T15:51:19","slug":"siete-dias-despues-de-su-desaparicion-hallan-el-cadaver-de-julio-trujillo-en-inglaterra","status":"publish","type":"post","link":"https:\/\/diarioavanzada.com.mx\/?p=72003","title":{"rendered":"Siete d\u00edas despu\u00e9s de su desaparici\u00f3n, hallan el cad\u00e1ver de Julio Trujillo en Inglaterra"},"content":{"rendered":"\n<p class=\"p1 wp-block-paragraph\">Avanzada (17\/01\/2025).- El Instituto Nacional de Bellas Artes y Literatura (Inbal) confirm\u00f3 y lament\u00f3 el fallecimiento del poeta mexicano Julio Trujillo, quien hab\u00eda sido reportado como desaparecido desde el pasado 10 de enero en Cornwall, Inglaterra.<\/p>\n\n\n\n<p class=\"p1 wp-block-paragraph\">La desaparici\u00f3n del escritor de 55 a\u00f1os gener\u00f3 una amplia movilizaci\u00f3n en Reino Unido. La polic\u00eda de Devon y Cornwall emiti\u00f3 una alerta el 14 de enero, manifestando gran preocupaci\u00f3n por su bienestar. Seg\u00fan el reporte oficial, Trujillo fue visto por \u00faltima vez en el \u00e1rea costera de Mousehole, en Penzance, alrededor de las 9:30 de la ma\u00f1ana del 10 de enero.<\/p>\n\n\n\n<p class=\"p1 wp-block-paragraph\">El Gobierno de M\u00e9xico, a trav\u00e9s de su embajada en el Reino Unido, se mantuvo atento a las labores de b\u00fasqueda, las cuales lamentablemente concluyeron con la localizaci\u00f3n del cuerpo sin vida del autor.<\/p>\n\n\n\n<p class=\"p1 wp-block-paragraph\">Julio Trujillo naci\u00f3 en la Ciudad de M\u00e9xico el 16 de septiembre de 1969. Estudi\u00f3 Lengua y Literatura Hisp\u00e1nicas en la UNAM y dedic\u00f3 su vida a las letras como poeta, editor y redactor. A lo largo de su carrera, colabor\u00f3 en publicaciones como Revista Universidad de M\u00e9xico, Letras Libres y El Nacional. Adem\u00e1s, dirigi\u00f3 proyectos culturales destacados, como la Revista Mexicana de Cultura.<\/p>\n\n\n\n<p class=\"p1 wp-block-paragraph\">Su obra po\u00e9tica fue reconocida con importantes galardones, como el Premio de Poes\u00eda Punto de Partida (1991) y el Premio Nacional de Poes\u00eda Joven El\u00edas Nandino (1994) por Una sangre. Fue becario del INBA y del FONCA, y desde 2004 formaba parte del Sistema Nacional de Creadores de Arte.<\/p>\n\n\n\n<p class=\"p1 wp-block-paragraph\">El deceso de Julio Trujillo representa una p\u00e9rdida significativa para las letras mexicanas, dejando un legado de profundidad y sensibilidad en la poes\u00eda contempor\u00e1nea. Autoridades culturales y colegas del gremio literario expresan su pesar y reconocimiento por su obra y trayectoria.<\/p>\n\n\n\n<figure class=\"wp-block-image size-large\"><img loading=\"lazy\" decoding=\"async\" width=\"646\" height=\"1024\" src=\"https:\/\/diarioavanzada.com.mx\/wp-content\/uploads\/2025\/01\/img_6580-1-646x1024.jpg\" alt=\"\" class=\"wp-image-72001\" srcset=\"https:\/\/diarioavanzada.com.mx\/wp-content\/uploads\/2025\/01\/img_6580-1-646x1024.jpg 646w, https:\/\/diarioavanzada.com.mx\/wp-content\/uploads\/2025\/01\/img_6580-1-189x300.jpg 189w, https:\/\/diarioavanzada.com.mx\/wp-content\/uploads\/2025\/01\/img_6580-1-768x1218.jpg 768w, https:\/\/diarioavanzada.com.mx\/wp-content\/uploads\/2025\/01\/img_6580-1-968x1536.jpg 968w, https:\/\/diarioavanzada.com.mx\/wp-content\/uploads\/2025\/01\/img_6580-1.jpg 1170w\" sizes=\"auto, (max-width: 646px) 100vw, 646px\" \/><\/figure>\n<div class=\"fb-background-color\">\n\t\t\t  <div \n\t\t\t  \tclass = \"fb-comments\" \n\t\t\t  \tdata-href = \"https:\/\/diarioavanzada.com.mx\/?p=72003\"\n\t\t\t  \tdata-numposts = \"10\"\n\t\t\t  \tdata-lazy = \"true\"\n\t\t\t\tdata-colorscheme = \"light\"\n\t\t\t\tdata-order-by = \"social\"\n\t\t\t\tdata-mobile=true>\n\t\t\t  <\/div><\/div>\n\t\t  <style>\n\t\t    .fb-background-color {\n\t\t\t\tbackground:  !important;\n\t\t\t}\n\t\t\t.fb_iframe_widget_fluid_desktop iframe {\n\t\t\t    width: 100% !important;\n\t\t\t}\n\t\t  <\/style>\n\t\t  ","protected":false},"excerpt":{"rendered":"<p>Avanzada (17\/01\/2025).- El Instituto Nacional de Bellas Artes y Literatura (Inbal) confirm\u00f3 y lament\u00f3 el fallecimiento del poeta mexicano Julio Trujillo, quien hab\u00eda sido reportado como desaparecido desde el pasado 10 de enero en Cornwall, Inglaterra. La desaparici\u00f3n del escritor de 55 a\u00f1os gener\u00f3 una amplia movilizaci\u00f3n en Reino Unido. La polic\u00eda de Devon y [&hellip;]<\/p>\n","protected":false},"author":7,"featured_media":72002,"comment_status":"closed","ping_status":"closed","sticky":false,"template":"","format":"standard","meta":{"_coblocks_attr":"","_coblocks_dimensions":"","_coblocks_responsive_height":"","_coblocks_accordion_ie_support":"","_crdt_document":"","advanced_seo_description":"","jetpack_seo_html_title":"","jetpack_seo_noindex":false,"_jetpack_memberships_contains_paid_content":false,"footnotes":""},"categories":[22,7],"tags":[],"class_list":["post-72003","post","type-post","status-publish","format-standard","has-post-thumbnail","hentry","category-nacion","category-noticias"],"jetpack_featured_media_url":"https:\/\/diarioavanzada.com.mx\/wp-content\/uploads\/2025\/01\/img_6581-1.jpg","jetpack-related-posts":[],"jetpack_sharing_enabled":true,"amp_enabled":true,"_links":{"self":[{"href":"https:\/\/diarioavanzada.com.mx\/index.php?rest_route=\/wp\/v2\/posts\/72003","targetHints":{"allow":["GET"]}}],"collection":[{"href":"https:\/\/diarioavanzada.com.mx\/index.php?rest_route=\/wp\/v2\/posts"}],"about":[{"href":"https:\/\/diarioavanzada.com.mx\/index.php?rest_route=\/wp\/v2\/types\/post"}],"author":[{"embeddable":true,"href":"https:\/\/diarioavanzada.com.mx\/index.php?rest_route=\/wp\/v2\/users\/7"}],"replies":[{"embeddable":true,"href":"https:\/\/diarioavanzada.com.mx\/index.php?rest_route=%2Fwp%2Fv2%2Fcomments&post=72003"}],"version-history":[{"count":1,"href":"https:\/\/diarioavanzada.com.mx\/index.php?rest_route=\/wp\/v2\/posts\/72003\/revisions"}],"predecessor-version":[{"id":72028,"href":"https:\/\/diarioavanzada.com.mx\/index.php?rest_route=\/wp\/v2\/posts\/72003\/revisions\/72028"}],"wp:featuredmedia":[{"embeddable":true,"href":"https:\/\/diarioavanzada.com.mx\/index.php?rest_route=\/wp\/v2\/media\/72002"}],"wp:attachment":[{"href":"https:\/\/diarioavanzada.com.mx\/index.php?rest_route=%2Fwp%2Fv2%2Fmedia&parent=72003"}],"wp:term":[{"taxonomy":"category","embeddable":true,"href":"https:\/\/diarioavanzada.com.mx\/index.php?rest_route=%2Fwp%2Fv2%2Fcategories&post=72003"},{"taxonomy":"post_tag","embeddable":true,"href":"https:\/\/diarioavanzada.com.mx\/index.php?rest_route=%2Fwp%2Fv2%2Ftags&post=72003"}],"curies":[{"name":"wp","href":"https:\/\/api.w.org\/{rel}","templated":true}]}}