{"id":71998,"date":"2025-01-17T07:31:04","date_gmt":"2025-01-17T13:31:04","guid":{"rendered":"https:\/\/diarioavanzada.com.mx\/?p=71998"},"modified":"2025-01-17T07:43:45","modified_gmt":"2025-01-17T13:43:45","slug":"para-este-dia-en-colima-temperaturas-de-hasta-35-c-y-clima-calido","status":"publish","type":"post","link":"https:\/\/diarioavanzada.com.mx\/?p=71998","title":{"rendered":"Colima registrar\u00e1 este d\u00eda temperaturas de hasta 35 \u00b0C y clima c\u00e1lido"},"content":{"rendered":"\n<p class=\"p1 wp-block-paragraph\">Colima, M\u00e9xico, Avanzada (17\/01\/2025).- Este viernes 17 de enero, Colima experimentar\u00e1 un ambiente c\u00e1lido a caluroso con temperaturas m\u00e1ximas que podr\u00edan alcanzar los 35 \u00b0C, seg\u00fan el pron\u00f3stico del Servicio Meteorol\u00f3gico Nacional (SMN). Aunque no se esperan lluvias en el estado, las condiciones generales en el Pac\u00edfico Centro apuntan a cielo medio nublado durante el d\u00eda y vientos con rachas de hasta 40 km\/h.<\/p>\n\n\n\n<p class=\"p1 wp-block-paragraph\">El ingreso de humedad del oc\u00e9ano Pac\u00edfico generar\u00e1 lluvias aisladas en Michoac\u00e1n y Jalisco, pero en Colima predominar\u00e1 un clima seco, con un ambiente fresco por la ma\u00f1ana en zonas altas y c\u00e1lido a caluroso durante la tarde.<\/p>\n\n\n\n<p class=\"p1 wp-block-paragraph\">Por otro lado, fen\u00f3menos meteorol\u00f3gicos en otras regiones del pa\u00eds est\u00e1n generando condiciones m\u00e1s extremas, como rachas de viento de 90 a 110 km\/h en Chihuahua, Coahuila y Durango, as\u00ed como ca\u00edda de nieve o aguanieve en zonas altas de Sonora y Chihuahua.<\/p>\n\n\n\n<p class=\"p1 wp-block-paragraph\">Las autoridades locales invitan a la poblaci\u00f3n colimense a mantenerse hidratada y protegerse del sol durante las horas de mayor radiaci\u00f3n, adem\u00e1s de estar atentos a los comunicados oficiales en caso de cambios en las condiciones clim\u00e1ticas.<\/p>\n\n\n\n<p class=\"p1 wp-block-paragraph\">Colima se mantiene en una regi\u00f3n privilegiada con un clima c\u00e1lido estable, lo que lo convierte en un punto clave para actividades al aire libre y el turismo en esta temporada.<\/p>\n<div class=\"fb-background-color\">\n\t\t\t  <div \n\t\t\t  \tclass = \"fb-comments\" \n\t\t\t  \tdata-href = \"https:\/\/diarioavanzada.com.mx\/?p=71998\"\n\t\t\t  \tdata-numposts = \"10\"\n\t\t\t  \tdata-lazy = \"true\"\n\t\t\t\tdata-colorscheme = \"light\"\n\t\t\t\tdata-order-by = \"social\"\n\t\t\t\tdata-mobile=true>\n\t\t\t  <\/div><\/div>\n\t\t  <style>\n\t\t    .fb-background-color {\n\t\t\t\tbackground:  !important;\n\t\t\t}\n\t\t\t.fb_iframe_widget_fluid_desktop iframe {\n\t\t\t    width: 100% !important;\n\t\t\t}\n\t\t  <\/style>\n\t\t  ","protected":false},"excerpt":{"rendered":"<p>Colima, M\u00e9xico, Avanzada (17\/01\/2025).- Este viernes 17 de enero, Colima experimentar\u00e1 un ambiente c\u00e1lido a caluroso con temperaturas m\u00e1ximas que podr\u00edan alcanzar los 35 \u00b0C, seg\u00fan el pron\u00f3stico del Servicio Meteorol\u00f3gico Nacional (SMN). Aunque no se esperan lluvias en el estado, las condiciones generales en el Pac\u00edfico Centro apuntan a cielo medio nublado durante el [&hellip;]<\/p>\n","protected":false},"author":7,"featured_media":71997,"comment_status":"closed","ping_status":"closed","sticky":false,"template":"","format":"standard","meta":{"_coblocks_attr":"","_coblocks_dimensions":"","_coblocks_responsive_height":"","_coblocks_accordion_ie_support":"","_crdt_document":"","advanced_seo_description":"","jetpack_seo_html_title":"","jetpack_seo_noindex":false,"_jetpack_memberships_contains_paid_content":false,"footnotes":""},"categories":[19,7],"tags":[],"class_list":["post-71998","post","type-post","status-publish","format-standard","has-post-thumbnail","hentry","category-colima","category-noticias"],"jetpack_featured_media_url":"https:\/\/diarioavanzada.com.mx\/wp-content\/uploads\/2025\/01\/img_6579-1.jpg","jetpack-related-posts":[],"jetpack_sharing_enabled":true,"amp_enabled":true,"_links":{"self":[{"href":"https:\/\/diarioavanzada.com.mx\/index.php?rest_route=\/wp\/v2\/posts\/71998","targetHints":{"allow":["GET"]}}],"collection":[{"href":"https:\/\/diarioavanzada.com.mx\/index.php?rest_route=\/wp\/v2\/posts"}],"about":[{"href":"https:\/\/diarioavanzada.com.mx\/index.php?rest_route=\/wp\/v2\/types\/post"}],"author":[{"embeddable":true,"href":"https:\/\/diarioavanzada.com.mx\/index.php?rest_route=\/wp\/v2\/users\/7"}],"replies":[{"embeddable":true,"href":"https:\/\/diarioavanzada.com.mx\/index.php?rest_route=%2Fwp%2Fv2%2Fcomments&post=71998"}],"version-history":[{"count":1,"href":"https:\/\/diarioavanzada.com.mx\/index.php?rest_route=\/wp\/v2\/posts\/71998\/revisions"}],"predecessor-version":[{"id":72000,"href":"https:\/\/diarioavanzada.com.mx\/index.php?rest_route=\/wp\/v2\/posts\/71998\/revisions\/72000"}],"wp:featuredmedia":[{"embeddable":true,"href":"https:\/\/diarioavanzada.com.mx\/index.php?rest_route=\/wp\/v2\/media\/71997"}],"wp:attachment":[{"href":"https:\/\/diarioavanzada.com.mx\/index.php?rest_route=%2Fwp%2Fv2%2Fmedia&parent=71998"}],"wp:term":[{"taxonomy":"category","embeddable":true,"href":"https:\/\/diarioavanzada.com.mx\/index.php?rest_route=%2Fwp%2Fv2%2Fcategories&post=71998"},{"taxonomy":"post_tag","embeddable":true,"href":"https:\/\/diarioavanzada.com.mx\/index.php?rest_route=%2Fwp%2Fv2%2Ftags&post=71998"}],"curies":[{"name":"wp","href":"https:\/\/api.w.org\/{rel}","templated":true}]}}