{"id":71805,"date":"2025-01-16T08:04:36","date_gmt":"2025-01-16T14:04:36","guid":{"rendered":"https:\/\/diarioavanzada.com.mx\/?p=71805"},"modified":"2025-01-16T08:04:36","modified_gmt":"2025-01-16T14:04:36","slug":"familias-de-desaparecidos-en-puerto-escondido-enfrentan-presiones-para-no-denunciar","status":"publish","type":"post","link":"https:\/\/diarioavanzada.com.mx\/?p=71805","title":{"rendered":"Familias de desaparecidos en Puerto Escondido enfrentan presiones para no denunciar"},"content":{"rendered":"\n<p class=\"p1 wp-block-paragraph\">Oaxaca, M\u00e9xico, Avanzada (16\/01\/2025).- La Fiscal\u00eda General del Estado de Oaxaca (FGEO) inform\u00f3 este mi\u00e9rcoles que el n\u00famero de personas desaparecidas que viajaban rumbo a Puerto Escondido aument\u00f3 a siete, tras recibir una nueva denuncia que estar\u00eda relacionada con los seis casos previamente reportados. Las desapariciones ocurrieron entre el 31 de diciembre de 2024 y el 7 de enero de 2025, seg\u00fan se\u00f1alaron los familiares.<\/p>\n\n\n\n<p class=\"p1 wp-block-paragraph\">Sin embargo, medios locales aseguran que las denuncias podr\u00edan involucrar hasta 14 posibles v\u00edctimas, ya que la FGEO recibi\u00f3 reportes de familiares entre el 11 y el 14 de enero de 2025. Las v\u00edctimas habr\u00edan emprendido un viaje amistoso hacia la costa oaxaque\u00f1a a trav\u00e9s de la autopista que conecta la ciudad de Oaxaca con Puerto Escondido. Este trayecto, que normalmente reduce el tiempo de traslado de cinco horas a dos horas y media, fue el \u00faltimo lugar donde se tuvo contacto con ellas.<\/p>\n\n\n\n<p class=\"p1 wp-block-paragraph\">Los familiares de las v\u00edctimas denunciaron haber sido blanco de extorsiones por parte de personas que ofrecen informaci\u00f3n falsa sobre el paradero de sus seres queridos a cambio de dinero. Adem\u00e1s, se\u00f1alaron haber recibido amenazas para que no presenten denuncias.<\/p>\n\n\n\n<p class=\"p1 wp-block-paragraph\">\u201cEstamos viviendo un doble sufrimiento: la desaparici\u00f3n de nuestros seres queridos y el acoso de gente sin escr\u00fapulos\u201d, expresaron.<\/p>\n\n\n\n<p class=\"p1 wp-block-paragraph\">Los familiares tambi\u00e9n subrayaron que los desaparecidos son personas trabajadoras y sin antecedentes legales. \u201cEllos solo iban a un viaje de amigos, no se meten con nadie. Ahora est\u00e1n desaparecidos. Pedimos a la poblaci\u00f3n que nos ayude a localizarlos. Estamos muy preocupados\u201d, declararon.<\/p>\n\n\n\n<p class=\"p1 wp-block-paragraph\">Ante la incertidumbre y la falta de informaci\u00f3n, los familiares hacen un llamado a las autoridades estatales y federales para intensificar las labores de b\u00fasqueda y localizar a las v\u00edctimas lo antes posible. La autopista donde se perdi\u00f3 contacto con el grupo, considerada una v\u00eda estrat\u00e9gica en Oaxaca, fue se\u00f1alada en otras ocasiones como un punto cr\u00edtico para la seguridad de los viajeros.<\/p>\n\n\n\n<p class=\"p1 wp-block-paragraph\">La FGEO a\u00fan no da detalles sobre posibles avances en la investigaci\u00f3n, mientras crece la preocupaci\u00f3n por la seguridad en esta regi\u00f3n del pa\u00eds.<\/p>\n<div class=\"fb-background-color\">\n\t\t\t  <div \n\t\t\t  \tclass = \"fb-comments\" \n\t\t\t  \tdata-href = \"https:\/\/diarioavanzada.com.mx\/?p=71805\"\n\t\t\t  \tdata-numposts = \"10\"\n\t\t\t  \tdata-lazy = \"true\"\n\t\t\t\tdata-colorscheme = \"light\"\n\t\t\t\tdata-order-by = \"social\"\n\t\t\t\tdata-mobile=true>\n\t\t\t  <\/div><\/div>\n\t\t  <style>\n\t\t    .fb-background-color {\n\t\t\t\tbackground:  !important;\n\t\t\t}\n\t\t\t.fb_iframe_widget_fluid_desktop iframe {\n\t\t\t    width: 100% !important;\n\t\t\t}\n\t\t  <\/style>\n\t\t  ","protected":false},"excerpt":{"rendered":"<p>Oaxaca, M\u00e9xico, Avanzada (16\/01\/2025).- La Fiscal\u00eda General del Estado de Oaxaca (FGEO) inform\u00f3 este mi\u00e9rcoles que el n\u00famero de personas desaparecidas que viajaban rumbo a Puerto Escondido aument\u00f3 a siete, tras recibir una nueva denuncia que estar\u00eda relacionada con los seis casos previamente reportados. Las desapariciones ocurrieron entre el 31 de diciembre de 2024 y [&hellip;]<\/p>\n","protected":false},"author":7,"featured_media":71804,"comment_status":"closed","ping_status":"closed","sticky":false,"template":"","format":"standard","meta":{"_coblocks_attr":"","_coblocks_dimensions":"","_coblocks_responsive_height":"","_coblocks_accordion_ie_support":"","_crdt_document":"","advanced_seo_description":"","jetpack_seo_html_title":"","jetpack_seo_noindex":false,"_jetpack_memberships_contains_paid_content":false,"footnotes":""},"categories":[209,22,7,231],"tags":[],"class_list":["post-71805","post","type-post","status-publish","format-standard","has-post-thumbnail","hentry","category-importantes","category-nacion","category-noticias","category-seguridad"],"jetpack_featured_media_url":"https:\/\/diarioavanzada.com.mx\/wp-content\/uploads\/2025\/01\/img_6555-1.jpg","jetpack-related-posts":[],"jetpack_sharing_enabled":true,"amp_enabled":true,"_links":{"self":[{"href":"https:\/\/diarioavanzada.com.mx\/index.php?rest_route=\/wp\/v2\/posts\/71805","targetHints":{"allow":["GET"]}}],"collection":[{"href":"https:\/\/diarioavanzada.com.mx\/index.php?rest_route=\/wp\/v2\/posts"}],"about":[{"href":"https:\/\/diarioavanzada.com.mx\/index.php?rest_route=\/wp\/v2\/types\/post"}],"author":[{"embeddable":true,"href":"https:\/\/diarioavanzada.com.mx\/index.php?rest_route=\/wp\/v2\/users\/7"}],"replies":[{"embeddable":true,"href":"https:\/\/diarioavanzada.com.mx\/index.php?rest_route=%2Fwp%2Fv2%2Fcomments&post=71805"}],"version-history":[{"count":1,"href":"https:\/\/diarioavanzada.com.mx\/index.php?rest_route=\/wp\/v2\/posts\/71805\/revisions"}],"predecessor-version":[{"id":71806,"href":"https:\/\/diarioavanzada.com.mx\/index.php?rest_route=\/wp\/v2\/posts\/71805\/revisions\/71806"}],"wp:featuredmedia":[{"embeddable":true,"href":"https:\/\/diarioavanzada.com.mx\/index.php?rest_route=\/wp\/v2\/media\/71804"}],"wp:attachment":[{"href":"https:\/\/diarioavanzada.com.mx\/index.php?rest_route=%2Fwp%2Fv2%2Fmedia&parent=71805"}],"wp:term":[{"taxonomy":"category","embeddable":true,"href":"https:\/\/diarioavanzada.com.mx\/index.php?rest_route=%2Fwp%2Fv2%2Fcategories&post=71805"},{"taxonomy":"post_tag","embeddable":true,"href":"https:\/\/diarioavanzada.com.mx\/index.php?rest_route=%2Fwp%2Fv2%2Ftags&post=71805"}],"curies":[{"name":"wp","href":"https:\/\/api.w.org\/{rel}","templated":true}]}}