{"id":71758,"date":"2025-01-15T20:38:02","date_gmt":"2025-01-16T02:38:02","guid":{"rendered":"https:\/\/diarioavanzada.com.mx\/?p=71758"},"modified":"2025-01-15T20:40:27","modified_gmt":"2025-01-16T02:40:27","slug":"ciudadanos-rechazan-renombrar-eldorado-como-andres-manuel-lopez-obrador","status":"publish","type":"post","link":"https:\/\/diarioavanzada.com.mx\/?p=71758","title":{"rendered":"Ciudadanos rechazan renombrar Eldorado como Andr\u00e9s Manuel L\u00f3pez Obrador"},"content":{"rendered":"\n<p class=\"p1 wp-block-paragraph\">Sinaloa, M\u00e9xico, Avanzada \ufffc(15\/01\/2025).- La reciente propuesta de cambiar el nombre del municipio de Eldorado, Sinaloa, por el de Andr\u00e9s Manuel L\u00f3pez Obrador ha generado un fuerte rechazo entre los habitantes. A trav\u00e9s de una carta dirigida al Congreso del Estado y a diversos partidos pol\u00edticos, los ciudadanos manifestaron su oposici\u00f3n, argumentando que esta medida no solo atentar\u00eda contra la identidad hist\u00f3rica y cultural de la comunidad, sino que tambi\u00e9n tendr\u00eda implicaciones econ\u00f3micas y pol\u00edticas significativas.<\/p>\n\n\n\n<p class=\"p1 wp-block-paragraph\">En el documento, fechado el 15 de enero de 2025, los habitantes subrayaron que Eldorado, que recientemente obtuvo su autonom\u00eda al dejar de ser sindicatura de Culiac\u00e1n, cuenta con una rica historia y un profundo arraigo entre sus pobladores. Cambiar el nombre, seg\u00fan la carta, podr\u00eda diluir ese sentido de pertenencia y generar divisiones innecesarias en la comunidad.<\/p>\n\n\n\n<p class=\"p1 wp-block-paragraph\">Entre los principales argumentos expuestos destacan:<\/p>\n\n\n\n<p class=\"p3 wp-block-paragraph\">1. Identidad hist\u00f3rica y cultural: El nombre de Eldorado representa un legado construido por generaciones.<\/p>\n\n\n\n<p class=\"p3 wp-block-paragraph\">2. Costos administrativos: La actualizaci\u00f3n de documentos oficiales, se\u00f1alizaci\u00f3n y registros p\u00fablicos implicar\u00eda un gasto significativo para el municipio.<\/p>\n\n\n\n<p class=\"p3 wp-block-paragraph\">3. Neutralidad pol\u00edtica: Nombrar al municipio en honor a una figura pol\u00edtica como el expresidente Andr\u00e9s Manuel L\u00f3pez Obrador podr\u00eda percibirse como una acci\u00f3n partidista.<\/p>\n\n\n\n<p class=\"p3 wp-block-paragraph\">4. Respeto a la voluntad ciudadana: Los habitantes consideran que cualquier decisi\u00f3n de este tipo debe surgir de un consenso democr\u00e1tico.<\/p>\n\n\n\n<p class=\"p1 wp-block-paragraph\">El coordinador del grupo parlamentario del PVEM en el Congreso de Sinaloa, Rodolfo Valenzuela S\u00e1nchez, defendi\u00f3 la propuesta se\u00f1alando que ser\u00eda un reconocimiento al respaldo que el exmandatario brind\u00f3 a la regi\u00f3n. Asimismo, anunci\u00f3 que se realizar\u00e1 una consulta ciudadana el pr\u00f3ximo 30 de enero para determinar si la iniciativa cuenta con el apoyo de los habitantes.<\/p>\n\n\n\n<p class=\"p1 wp-block-paragraph\">Sin embargo, el rechazo es evidente entre la poblaci\u00f3n. Fernando Garc\u00eda, residente de la colonia 4T, expres\u00f3: \u201cApenas estamos construyendo nuestro municipio y ya quieren imponernos algo que nadie pidi\u00f3. Eldorado tiene su propia historia, no necesitamos un cambio de nombre\u201d.<\/p>\n\n\n\n<p class=\"p1 wp-block-paragraph\">Desde su fundaci\u00f3n como municipio el 1 de noviembre de 2024, Eldorado enfrenta retos importantes, como la falta de infraestructura para el Palacio Municipal y la necesidad de establecer una Polic\u00eda Municipal. Para los ciudadanos, estos problemas deber\u00edan ser prioridad antes de considerar un cambio de nombre.<\/p>\n\n\n\n<p class=\"p1 wp-block-paragraph\">La consulta del 30 de enero ser\u00e1 clave para definir el rumbo de esta controversia, que ha puesto en debate el equilibrio entre la pol\u00edtica y el respeto a la identidad local.<\/p>\n\n\n\n<figure class=\"wp-block-image size-large\"><img loading=\"lazy\" decoding=\"async\" width=\"222\" height=\"300\" src=\"https:\/\/diarioavanzada.com.mx\/wp-content\/uploads\/2025\/01\/img_3510-1-222x300.jpg\" class=\"wp-image-71762\" srcset=\"https:\/\/diarioavanzada.com.mx\/wp-content\/uploads\/2025\/01\/img_3510-1-222x300.jpg 222w, https:\/\/diarioavanzada.com.mx\/wp-content\/uploads\/2025\/01\/img_3510-1.jpg 710w\" sizes=\"auto, (max-width: 222px) 100vw, 222px\" \/><\/figure>\n<div class=\"fb-background-color\">\n\t\t\t  <div \n\t\t\t  \tclass = \"fb-comments\" \n\t\t\t  \tdata-href = \"https:\/\/diarioavanzada.com.mx\/?p=71758\"\n\t\t\t  \tdata-numposts = \"10\"\n\t\t\t  \tdata-lazy = \"true\"\n\t\t\t\tdata-colorscheme = \"light\"\n\t\t\t\tdata-order-by = \"social\"\n\t\t\t\tdata-mobile=true>\n\t\t\t  <\/div><\/div>\n\t\t  <style>\n\t\t    .fb-background-color {\n\t\t\t\tbackground:  !important;\n\t\t\t}\n\t\t\t.fb_iframe_widget_fluid_desktop iframe {\n\t\t\t    width: 100% !important;\n\t\t\t}\n\t\t  <\/style>\n\t\t  ","protected":false},"excerpt":{"rendered":"<p>Sinaloa, M\u00e9xico, Avanzada \ufffc(15\/01\/2025).- La reciente propuesta de cambiar el nombre del municipio de Eldorado, Sinaloa, por el de Andr\u00e9s Manuel L\u00f3pez Obrador ha generado un fuerte rechazo entre los habitantes. A trav\u00e9s de una carta dirigida al Congreso del Estado y a diversos partidos pol\u00edticos, los ciudadanos manifestaron su oposici\u00f3n, argumentando que esta medida [&hellip;]<\/p>\n","protected":false},"author":7,"featured_media":70952,"comment_status":"closed","ping_status":"closed","sticky":false,"template":"","format":"standard","meta":{"_coblocks_attr":"","_coblocks_dimensions":"","_coblocks_responsive_height":"","_coblocks_accordion_ie_support":"","_crdt_document":"","advanced_seo_description":"","jetpack_seo_html_title":"","jetpack_seo_noindex":false,"_jetpack_memberships_contains_paid_content":false,"footnotes":""},"categories":[22],"tags":[],"class_list":["post-71758","post","type-post","status-publish","format-standard","has-post-thumbnail","hentry","category-nacion"],"jetpack_featured_media_url":"https:\/\/diarioavanzada.com.mx\/wp-content\/uploads\/2025\/01\/img_1979-1.jpg","jetpack-related-posts":[],"jetpack_sharing_enabled":true,"amp_enabled":true,"_links":{"self":[{"href":"https:\/\/diarioavanzada.com.mx\/index.php?rest_route=\/wp\/v2\/posts\/71758","targetHints":{"allow":["GET"]}}],"collection":[{"href":"https:\/\/diarioavanzada.com.mx\/index.php?rest_route=\/wp\/v2\/posts"}],"about":[{"href":"https:\/\/diarioavanzada.com.mx\/index.php?rest_route=\/wp\/v2\/types\/post"}],"author":[{"embeddable":true,"href":"https:\/\/diarioavanzada.com.mx\/index.php?rest_route=\/wp\/v2\/users\/7"}],"replies":[{"embeddable":true,"href":"https:\/\/diarioavanzada.com.mx\/index.php?rest_route=%2Fwp%2Fv2%2Fcomments&post=71758"}],"version-history":[{"count":2,"href":"https:\/\/diarioavanzada.com.mx\/index.php?rest_route=\/wp\/v2\/posts\/71758\/revisions"}],"predecessor-version":[{"id":71763,"href":"https:\/\/diarioavanzada.com.mx\/index.php?rest_route=\/wp\/v2\/posts\/71758\/revisions\/71763"}],"wp:featuredmedia":[{"embeddable":true,"href":"https:\/\/diarioavanzada.com.mx\/index.php?rest_route=\/wp\/v2\/media\/70952"}],"wp:attachment":[{"href":"https:\/\/diarioavanzada.com.mx\/index.php?rest_route=%2Fwp%2Fv2%2Fmedia&parent=71758"}],"wp:term":[{"taxonomy":"category","embeddable":true,"href":"https:\/\/diarioavanzada.com.mx\/index.php?rest_route=%2Fwp%2Fv2%2Fcategories&post=71758"},{"taxonomy":"post_tag","embeddable":true,"href":"https:\/\/diarioavanzada.com.mx\/index.php?rest_route=%2Fwp%2Fv2%2Ftags&post=71758"}],"curies":[{"name":"wp","href":"https:\/\/api.w.org\/{rel}","templated":true}]}}