{"id":71730,"date":"2025-01-15T18:36:28","date_gmt":"2025-01-16T00:36:28","guid":{"rendered":"https:\/\/diarioavanzada.com.mx\/?p=71730"},"modified":"2025-01-15T18:36:28","modified_gmt":"2025-01-16T00:36:28","slug":"detienen-en-manzanillo-a-jefe-de-plaza-vinculado-a-grupo-delictivo","status":"publish","type":"post","link":"https:\/\/diarioavanzada.com.mx\/?p=71730","title":{"rendered":"Detienen en Manzanillo a jefe de plaza vinculado a grupo delictivo"},"content":{"rendered":"\n<p class=\"p1 wp-block-paragraph\">Colima, M\u00e9xico, Avanzada (15\/01\/2025).- En un operativo conjunto entre la Secretar\u00eda de Marina (Semar) y la Polic\u00eda Estatal Preventiva, llevado a cabo como parte de la operaci\u00f3n \u201cF.T. Interinstitucional 100 D\u00edas Colima\u201d, fue detenido un presunto generador de violencia en el municipio de Manzanillo, inform\u00f3 el Gabinete de Seguridad del Gobierno de M\u00e9xico.<\/p>\n\n\n\n<p class=\"p1 wp-block-paragraph\">El individuo, identificado como jefe de plaza y presunto distribuidor de drogas al menudeo, fue asegurado en flagrancia con 28 dosis de metanfetamina, 29 cartuchos \u00fatiles y otros objetos de inter\u00e9s. De acuerdo con informaci\u00f3n de inteligencia, est\u00e1 vinculado a actividades delictivas en Manzanillo y otras regiones del estado de Colima.<\/p>\n\n\n\n<p class=\"p1 wp-block-paragraph\">La Secretar\u00eda de Seguridad P\u00fablica del Gobierno de Colima detall\u00f3 que el detenido fue puesto a disposici\u00f3n de la Fiscal\u00eda General del Estado, donde se determinar\u00e1 su situaci\u00f3n jur\u00eddica conforme a derecho.<\/p>\n<div class=\"fb-background-color\">\n\t\t\t  <div \n\t\t\t  \tclass = \"fb-comments\" \n\t\t\t  \tdata-href = \"https:\/\/diarioavanzada.com.mx\/?p=71730\"\n\t\t\t  \tdata-numposts = \"10\"\n\t\t\t  \tdata-lazy = \"true\"\n\t\t\t\tdata-colorscheme = \"light\"\n\t\t\t\tdata-order-by = \"social\"\n\t\t\t\tdata-mobile=true>\n\t\t\t  <\/div><\/div>\n\t\t  <style>\n\t\t    .fb-background-color {\n\t\t\t\tbackground:  !important;\n\t\t\t}\n\t\t\t.fb_iframe_widget_fluid_desktop iframe {\n\t\t\t    width: 100% !important;\n\t\t\t}\n\t\t  <\/style>\n\t\t  ","protected":false},"excerpt":{"rendered":"<p>Colima, M\u00e9xico, Avanzada (15\/01\/2025).- En un operativo conjunto entre la Secretar\u00eda de Marina (Semar) y la Polic\u00eda Estatal Preventiva, llevado a cabo como parte de la operaci\u00f3n \u201cF.T. Interinstitucional 100 D\u00edas Colima\u201d, fue detenido un presunto generador de violencia en el municipio de Manzanillo, inform\u00f3 el Gabinete de Seguridad del Gobierno de M\u00e9xico. El individuo, [&hellip;]<\/p>\n","protected":false},"author":7,"featured_media":71729,"comment_status":"closed","ping_status":"closed","sticky":false,"template":"","format":"standard","meta":{"_coblocks_attr":"","_coblocks_dimensions":"","_coblocks_responsive_height":"","_coblocks_accordion_ie_support":"","_crdt_document":"","advanced_seo_description":"","jetpack_seo_html_title":"","jetpack_seo_noindex":false,"_jetpack_memberships_contains_paid_content":false,"footnotes":""},"categories":[19,209,231],"tags":[],"class_list":["post-71730","post","type-post","status-publish","format-standard","has-post-thumbnail","hentry","category-colima","category-importantes","category-seguridad"],"jetpack_featured_media_url":"https:\/\/diarioavanzada.com.mx\/wp-content\/uploads\/2025\/01\/img_3494-1.jpg","jetpack-related-posts":[],"jetpack_sharing_enabled":true,"amp_enabled":true,"_links":{"self":[{"href":"https:\/\/diarioavanzada.com.mx\/index.php?rest_route=\/wp\/v2\/posts\/71730","targetHints":{"allow":["GET"]}}],"collection":[{"href":"https:\/\/diarioavanzada.com.mx\/index.php?rest_route=\/wp\/v2\/posts"}],"about":[{"href":"https:\/\/diarioavanzada.com.mx\/index.php?rest_route=\/wp\/v2\/types\/post"}],"author":[{"embeddable":true,"href":"https:\/\/diarioavanzada.com.mx\/index.php?rest_route=\/wp\/v2\/users\/7"}],"replies":[{"embeddable":true,"href":"https:\/\/diarioavanzada.com.mx\/index.php?rest_route=%2Fwp%2Fv2%2Fcomments&post=71730"}],"version-history":[{"count":0,"href":"https:\/\/diarioavanzada.com.mx\/index.php?rest_route=\/wp\/v2\/posts\/71730\/revisions"}],"wp:featuredmedia":[{"embeddable":true,"href":"https:\/\/diarioavanzada.com.mx\/index.php?rest_route=\/wp\/v2\/media\/71729"}],"wp:attachment":[{"href":"https:\/\/diarioavanzada.com.mx\/index.php?rest_route=%2Fwp%2Fv2%2Fmedia&parent=71730"}],"wp:term":[{"taxonomy":"category","embeddable":true,"href":"https:\/\/diarioavanzada.com.mx\/index.php?rest_route=%2Fwp%2Fv2%2Fcategories&post=71730"},{"taxonomy":"post_tag","embeddable":true,"href":"https:\/\/diarioavanzada.com.mx\/index.php?rest_route=%2Fwp%2Fv2%2Ftags&post=71730"}],"curies":[{"name":"wp","href":"https:\/\/api.w.org\/{rel}","templated":true}]}}