{"id":71688,"date":"2025-01-15T18:15:02","date_gmt":"2025-01-16T00:15:02","guid":{"rendered":"https:\/\/diarioavanzada.com.mx\/?p=71688"},"modified":"2025-01-15T18:15:02","modified_gmt":"2025-01-16T00:15:02","slug":"se-desploma-avioneta-entre-nayarit-y-jalisco-con-cinco-personas-a-bordo","status":"publish","type":"post","link":"https:\/\/diarioavanzada.com.mx\/?p=71688","title":{"rendered":"Se desploma avioneta entre Nayarit y Jalisco, con cinco personas a bordo"},"content":{"rendered":"\n<p class=\"p1 wp-block-paragraph\">Nayarit, M\u00e9xico, Avanzada (15\/01\/2025).- La tarde de este mi\u00e9rcoles, una avioneta ligera se desplom\u00f3 en el municipio de La Yesca, Nayarit, cerca de la localidad de Puente de Camotl\u00e1n, en los l\u00edmites con el estado de Jalisco. Seg\u00fan los primeros reportes, cinco personas se encontraban a bordo de la aeronave al momento del accidente, aunque las autoridades a\u00fan no confirman su identidad ni su estado de salud.<\/p>\n\n\n\n<p class=\"p1 wp-block-paragraph\">El accidente ocurri\u00f3 alrededor de las 14:00 horas del 15 de enero. Equipos de emergencia de la Secretar\u00eda de Seguridad y Protecci\u00f3n Ciudadana de Nayarit fueron desplegados inmediatamente hacia la zona, incluyendo personal de la Polic\u00eda Estatal, Bomberos de Nayarit y la Unidad C\u00f3ndor. Sin embargo, el acceso al lugar del siniestro resulta complicado debido a las caracter\u00edsticas del terreno monta\u00f1oso.<\/p>\n\n\n\n<p class=\"p1 wp-block-paragraph\">A trav\u00e9s de un comunicado, la SSPC inform\u00f3 que contin\u00faan las labores de b\u00fasqueda y rescate, mientras expertos en aeron\u00e1utica se dirigen al lugar para investigar las posibles causas del desplome. Aunque algunos medios locales reportan la existencia de v\u00edctimas mortales, esta informaci\u00f3n no fue confirmada oficialmente.<\/p>\n\n\n\n<p class=\"p1 wp-block-paragraph\">El impacto de la aeronave fue severo, seg\u00fan los reportes preliminares. Equipos de emergencia de Nayarit y Jalisco trabajan de manera conjunta para estabilizar la situaci\u00f3n y brindar atenci\u00f3n m\u00e9dica a posibles sobrevivientes.<\/p>\n\n\n\n<p class=\"p1 wp-block-paragraph\">Hasta ahora, no se tienen detalles sobre la procedencia de la avioneta, aunque las primeras investigaciones indican que no despeg\u00f3 del aeropuerto de Tepic, por lo que podr\u00eda tratarse de una aeronave for\u00e1nea.<\/p>\n\n\n\n<p class=\"p1 wp-block-paragraph\">La SSPC se\u00f1al\u00f3 que seguir\u00e1 informando a la poblaci\u00f3n conforme se obtengan m\u00e1s datos sobre este incidente, que mantiene en alerta a los estados de Nayarit y Jalisco.<\/p>\n<div class=\"fb-background-color\">\n\t\t\t  <div \n\t\t\t  \tclass = \"fb-comments\" \n\t\t\t  \tdata-href = \"https:\/\/diarioavanzada.com.mx\/?p=71688\"\n\t\t\t  \tdata-numposts = \"10\"\n\t\t\t  \tdata-lazy = \"true\"\n\t\t\t\tdata-colorscheme = \"light\"\n\t\t\t\tdata-order-by = \"social\"\n\t\t\t\tdata-mobile=true>\n\t\t\t  <\/div><\/div>\n\t\t  <style>\n\t\t    .fb-background-color {\n\t\t\t\tbackground:  !important;\n\t\t\t}\n\t\t\t.fb_iframe_widget_fluid_desktop iframe {\n\t\t\t    width: 100% !important;\n\t\t\t}\n\t\t  <\/style>\n\t\t  ","protected":false},"excerpt":{"rendered":"<p>Nayarit, M\u00e9xico, Avanzada (15\/01\/2025).- La tarde de este mi\u00e9rcoles, una avioneta ligera se desplom\u00f3 en el municipio de La Yesca, Nayarit, cerca de la localidad de Puente de Camotl\u00e1n, en los l\u00edmites con el estado de Jalisco. Seg\u00fan los primeros reportes, cinco personas se encontraban a bordo de la aeronave al momento del accidente, aunque [&hellip;]<\/p>\n","protected":false},"author":7,"featured_media":71690,"comment_status":"closed","ping_status":"closed","sticky":false,"template":"","format":"standard","meta":{"_coblocks_attr":"","_coblocks_dimensions":"","_coblocks_responsive_height":"","_coblocks_accordion_ie_support":"","_crdt_document":"","advanced_seo_description":"","jetpack_seo_html_title":"","jetpack_seo_noindex":false,"_jetpack_memberships_contains_paid_content":false,"footnotes":""},"categories":[22,7],"tags":[],"class_list":["post-71688","post","type-post","status-publish","format-standard","has-post-thumbnail","hentry","category-nacion","category-noticias"],"jetpack_featured_media_url":"https:\/\/diarioavanzada.com.mx\/wp-content\/uploads\/2025\/01\/img_3493-1.jpg","jetpack-related-posts":[],"jetpack_sharing_enabled":true,"amp_enabled":true,"_links":{"self":[{"href":"https:\/\/diarioavanzada.com.mx\/index.php?rest_route=\/wp\/v2\/posts\/71688","targetHints":{"allow":["GET"]}}],"collection":[{"href":"https:\/\/diarioavanzada.com.mx\/index.php?rest_route=\/wp\/v2\/posts"}],"about":[{"href":"https:\/\/diarioavanzada.com.mx\/index.php?rest_route=\/wp\/v2\/types\/post"}],"author":[{"embeddable":true,"href":"https:\/\/diarioavanzada.com.mx\/index.php?rest_route=\/wp\/v2\/users\/7"}],"replies":[{"embeddable":true,"href":"https:\/\/diarioavanzada.com.mx\/index.php?rest_route=%2Fwp%2Fv2%2Fcomments&post=71688"}],"version-history":[{"count":1,"href":"https:\/\/diarioavanzada.com.mx\/index.php?rest_route=\/wp\/v2\/posts\/71688\/revisions"}],"predecessor-version":[{"id":71691,"href":"https:\/\/diarioavanzada.com.mx\/index.php?rest_route=\/wp\/v2\/posts\/71688\/revisions\/71691"}],"wp:featuredmedia":[{"embeddable":true,"href":"https:\/\/diarioavanzada.com.mx\/index.php?rest_route=\/wp\/v2\/media\/71690"}],"wp:attachment":[{"href":"https:\/\/diarioavanzada.com.mx\/index.php?rest_route=%2Fwp%2Fv2%2Fmedia&parent=71688"}],"wp:term":[{"taxonomy":"category","embeddable":true,"href":"https:\/\/diarioavanzada.com.mx\/index.php?rest_route=%2Fwp%2Fv2%2Fcategories&post=71688"},{"taxonomy":"post_tag","embeddable":true,"href":"https:\/\/diarioavanzada.com.mx\/index.php?rest_route=%2Fwp%2Fv2%2Ftags&post=71688"}],"curies":[{"name":"wp","href":"https:\/\/api.w.org\/{rel}","templated":true}]}}