{"id":71671,"date":"2025-01-15T16:13:39","date_gmt":"2025-01-15T22:13:39","guid":{"rendered":"https:\/\/diarioavanzada.com.mx\/?p=71671"},"modified":"2025-01-15T16:16:37","modified_gmt":"2025-01-15T22:16:37","slug":"se-busca-julio-cesar-desaparecio-en-armeria","status":"publish","type":"post","link":"https:\/\/diarioavanzada.com.mx\/?p=71671","title":{"rendered":"Se busca: Julio C\u00e9sar desapareci\u00f3 en Armer\u00eda"},"content":{"rendered":"\n<p class=\"wp-block-paragraph\">Colima, M\u00e9xico, Avanzada (15\/01\/2025).- La Comisi\u00f3n de B\u00fasqueda de Personas del Estado de Colima solicita el apoyo de la ciudadan\u00eda para localizar a Julio C\u00e9sar \u00c1lvarez de la Mora, quien se encuentra desaparecido desde el pasado 6 de noviembre de 2024 en el municipio de Armer\u00eda, Colima.<\/p>\n\n\n\n<p class=\"wp-block-paragraph\"><strong>Caracter\u00edsticas f\u00edsicas: <\/strong>Edad: 40 a\u00f1os, Estatura: 1.60 metros, Complexi\u00f3n: Mediana, Tez: Blanca, Cabello: Rizado, color negro, Ojos: Medianos, color caf\u00e9 claro, Nariz Mediana, Cara: Redonda.<\/p>\n\n\n\n<p class=\"wp-block-paragraph\"><strong>Se\u00f1as particulares:<\/strong> Barba de candado y una cicatriz en la planta de uno de los pies. Vestimenta al momento de su desaparici\u00f3n: Camisa, Pantal\u00f3n de mezclilla, Botas. La desaparici\u00f3n fue reportada el 6 de enero de 2025.<\/p>\n\n\n\n<p class=\"wp-block-paragraph\">Para cualquier informaci\u00f3n que pueda ayudar a dar con su paradero, se solicita comunicarse al tel\u00e9fono 312 131 3809, perteneciente a la Comisi\u00f3n de B\u00fasqueda de Personas del Estado de Colima.<\/p>\n\n\n\n<figure class=\"wp-block-image size-large\"><img loading=\"lazy\" decoding=\"async\" width=\"940\" height=\"788\" src=\"https:\/\/diarioavanzada.com.mx\/wp-content\/uploads\/2025\/01\/img_0356-1.jpg\" alt=\"\" class=\"wp-image-71676\" srcset=\"https:\/\/diarioavanzada.com.mx\/wp-content\/uploads\/2025\/01\/img_0356-1.jpg 940w, https:\/\/diarioavanzada.com.mx\/wp-content\/uploads\/2025\/01\/img_0356-1-300x251.jpg 300w, https:\/\/diarioavanzada.com.mx\/wp-content\/uploads\/2025\/01\/img_0356-1-768x644.jpg 768w\" sizes=\"auto, (max-width: 940px) 100vw, 940px\" \/><\/figure>\n<div class=\"fb-background-color\">\n\t\t\t  <div \n\t\t\t  \tclass = \"fb-comments\" \n\t\t\t  \tdata-href = \"https:\/\/diarioavanzada.com.mx\/?p=71671\"\n\t\t\t  \tdata-numposts = \"10\"\n\t\t\t  \tdata-lazy = \"true\"\n\t\t\t\tdata-colorscheme = \"light\"\n\t\t\t\tdata-order-by = \"social\"\n\t\t\t\tdata-mobile=true>\n\t\t\t  <\/div><\/div>\n\t\t  <style>\n\t\t    .fb-background-color {\n\t\t\t\tbackground:  !important;\n\t\t\t}\n\t\t\t.fb_iframe_widget_fluid_desktop iframe {\n\t\t\t    width: 100% !important;\n\t\t\t}\n\t\t  <\/style>\n\t\t  ","protected":false},"excerpt":{"rendered":"<p>Colima, M\u00e9xico, Avanzada (15\/01\/2025).- La Comisi\u00f3n de B\u00fasqueda de Personas del Estado de Colima solicita el apoyo de la ciudadan\u00eda para localizar a Julio C\u00e9sar \u00c1lvarez de la Mora, quien se encuentra desaparecido desde el pasado 6 de noviembre de 2024 en el municipio de Armer\u00eda, Colima. Caracter\u00edsticas f\u00edsicas: Edad: 40 a\u00f1os, Estatura: 1.60 metros, [&hellip;]<\/p>\n","protected":false},"author":7,"featured_media":71670,"comment_status":"closed","ping_status":"closed","sticky":false,"template":"","format":"standard","meta":{"_coblocks_attr":"","_coblocks_dimensions":"","_coblocks_responsive_height":"","_coblocks_accordion_ie_support":"","_crdt_document":"","advanced_seo_description":"","jetpack_seo_html_title":"","jetpack_seo_noindex":false,"_jetpack_memberships_contains_paid_content":false,"footnotes":""},"categories":[19,209,231],"tags":[],"class_list":["post-71671","post","type-post","status-publish","format-standard","has-post-thumbnail","hentry","category-colima","category-importantes","category-seguridad"],"jetpack_featured_media_url":"https:\/\/diarioavanzada.com.mx\/wp-content\/uploads\/2025\/01\/img_3483-1.jpg","jetpack-related-posts":[],"jetpack_sharing_enabled":true,"amp_enabled":true,"_links":{"self":[{"href":"https:\/\/diarioavanzada.com.mx\/index.php?rest_route=\/wp\/v2\/posts\/71671","targetHints":{"allow":["GET"]}}],"collection":[{"href":"https:\/\/diarioavanzada.com.mx\/index.php?rest_route=\/wp\/v2\/posts"}],"about":[{"href":"https:\/\/diarioavanzada.com.mx\/index.php?rest_route=\/wp\/v2\/types\/post"}],"author":[{"embeddable":true,"href":"https:\/\/diarioavanzada.com.mx\/index.php?rest_route=\/wp\/v2\/users\/7"}],"replies":[{"embeddable":true,"href":"https:\/\/diarioavanzada.com.mx\/index.php?rest_route=%2Fwp%2Fv2%2Fcomments&post=71671"}],"version-history":[{"count":3,"href":"https:\/\/diarioavanzada.com.mx\/index.php?rest_route=\/wp\/v2\/posts\/71671\/revisions"}],"predecessor-version":[{"id":71678,"href":"https:\/\/diarioavanzada.com.mx\/index.php?rest_route=\/wp\/v2\/posts\/71671\/revisions\/71678"}],"wp:featuredmedia":[{"embeddable":true,"href":"https:\/\/diarioavanzada.com.mx\/index.php?rest_route=\/wp\/v2\/media\/71670"}],"wp:attachment":[{"href":"https:\/\/diarioavanzada.com.mx\/index.php?rest_route=%2Fwp%2Fv2%2Fmedia&parent=71671"}],"wp:term":[{"taxonomy":"category","embeddable":true,"href":"https:\/\/diarioavanzada.com.mx\/index.php?rest_route=%2Fwp%2Fv2%2Fcategories&post=71671"},{"taxonomy":"post_tag","embeddable":true,"href":"https:\/\/diarioavanzada.com.mx\/index.php?rest_route=%2Fwp%2Fv2%2Ftags&post=71671"}],"curies":[{"name":"wp","href":"https:\/\/api.w.org\/{rel}","templated":true}]}}