{"id":71640,"date":"2025-01-15T10:09:34","date_gmt":"2025-01-15T16:09:34","guid":{"rendered":"https:\/\/diarioavanzada.com.mx\/?p=71640"},"modified":"2025-01-15T10:09:34","modified_gmt":"2025-01-15T16:09:34","slug":"a-ramona-la-mataron-por-rencillas-familiares-tres-detenidos","status":"publish","type":"post","link":"https:\/\/diarioavanzada.com.mx\/?p=71640","title":{"rendered":"A Ramona la mataron \u201cpor rencillas familiares\u201d: tres detenidos"},"content":{"rendered":"\n<p class=\"wp-block-paragraph\">Sonora, M\u00e9xico, Avanzada (15\/01\/2025).- Tras cateos realizados por la Fiscal\u00eda General de Justicia del Estado de Sonora (FGJES) en diversos puntos de San Luis R\u00edo Colorado, se logr\u00f3 la captura de dos personas con \u00f3rdenes de aprehensi\u00f3n por feminicidio, el aseguramiento de un arma de fuego y droga, as\u00ed como la detenci\u00f3n de una persona de inter\u00e9s involucrado en el hecho.<\/p>\n\n\n\n<p class=\"wp-block-paragraph\">Derivado de investigaciones y seguimiento de videograbaciones, se obtuvo informaci\u00f3n clave que permiti\u00f3 establecer la identidad de los presuntos responsables del feminicidio de Ramona Judith \u201cN\u201d, de 40 a\u00f1os, ocurrido el pasado 31 de diciembre de 2024.<\/p>\n\n\n\n<p class=\"wp-block-paragraph\">En el primer cateo realizado en un domicilio de la colonia M\u00e9xico, el pasado 12 de enero, fueron asegurados Jos\u00e9 Refugio \u201cN\u201d, en el interior de una vivienda, y a Beatriz Adriana \u201cN\u201d, quien estaba a bordo de un veh\u00edculo, ambos con \u00f3rdenes de aprehensi\u00f3n vigentes por estos hechos.<\/p>\n\n\n\n<p class=\"wp-block-paragraph\">En un segundo operativo, llevado a cabo en un inmueble de la colonia Reforma, se asegur\u00f3 a Fernando \u201cN\u201d, de 18 a\u00f1os, se\u00f1alado como persona de inter\u00e9s en la investigaci\u00f3n y se localiz\u00f3 un arma de fuego con cargador abastecido.<\/p>\n\n\n\n<p class=\"wp-block-paragraph\">En el tercer cateo, realizado en la avenida Colima, se asegur\u00f3 un veh\u00edculo Ford Focus modelo 2000, el cual habr\u00eda sido utilizado por los victimarios para cometer el homicidio. Este hallazgo se suma a otros indicios recopilados en la investigaci\u00f3n que fortalecen las l\u00edneas de investigaci\u00f3n del caso.<\/p>\n\n\n\n<p class=\"wp-block-paragraph\">Dentro de la carpeta de investigaci\u00f3n se estableci\u00f3 que los hechos ocurrieron el 31 de diciembre de 2024 en un domicilio de la colonia Altar, donde una discusi\u00f3n derivada de rencillas familiares escal\u00f3 a una agresi\u00f3n con arma de fuego. La v\u00edctima fue trasladada a un hospital en Mexicali, Baja California, donde falleci\u00f3 el 1 de enero.<\/p>\n\n\n\n<p class=\"wp-block-paragraph\">Los detenidos ser\u00e1n puestos a disposici\u00f3n de los tribunales para que resuelvan sobre su situaci\u00f3n jur\u00eddica y se pedir\u00e1 se aplique todo el rigor de la ley.<\/p>\n\n\n\n<p class=\"wp-block-paragraph\"><\/p>\n<div class=\"fb-background-color\">\n\t\t\t  <div \n\t\t\t  \tclass = \"fb-comments\" \n\t\t\t  \tdata-href = \"https:\/\/diarioavanzada.com.mx\/?p=71640\"\n\t\t\t  \tdata-numposts = \"10\"\n\t\t\t  \tdata-lazy = \"true\"\n\t\t\t\tdata-colorscheme = \"light\"\n\t\t\t\tdata-order-by = \"social\"\n\t\t\t\tdata-mobile=true>\n\t\t\t  <\/div><\/div>\n\t\t  <style>\n\t\t    .fb-background-color {\n\t\t\t\tbackground:  !important;\n\t\t\t}\n\t\t\t.fb_iframe_widget_fluid_desktop iframe {\n\t\t\t    width: 100% !important;\n\t\t\t}\n\t\t  <\/style>\n\t\t  ","protected":false},"excerpt":{"rendered":"<p>Sonora, M\u00e9xico, Avanzada (15\/01\/2025).- Tras cateos realizados por la Fiscal\u00eda General de Justicia del Estado de Sonora (FGJES) en diversos puntos de San Luis R\u00edo Colorado, se logr\u00f3 la captura de dos personas con \u00f3rdenes de aprehensi\u00f3n por feminicidio, el aseguramiento de un arma de fuego y droga, as\u00ed como la detenci\u00f3n de una persona [&hellip;]<\/p>\n","protected":false},"author":7,"featured_media":71639,"comment_status":"closed","ping_status":"closed","sticky":false,"template":"","format":"standard","meta":{"_coblocks_attr":"","_coblocks_dimensions":"","_coblocks_responsive_height":"","_coblocks_accordion_ie_support":"","_crdt_document":"","advanced_seo_description":"","jetpack_seo_html_title":"","jetpack_seo_noindex":false,"_jetpack_memberships_contains_paid_content":false,"footnotes":""},"categories":[22,231],"tags":[],"class_list":["post-71640","post","type-post","status-publish","format-standard","has-post-thumbnail","hentry","category-nacion","category-seguridad"],"jetpack_featured_media_url":"https:\/\/diarioavanzada.com.mx\/wp-content\/uploads\/2025\/01\/img_3464-1.jpg","jetpack-related-posts":[],"jetpack_sharing_enabled":true,"amp_enabled":true,"_links":{"self":[{"href":"https:\/\/diarioavanzada.com.mx\/index.php?rest_route=\/wp\/v2\/posts\/71640","targetHints":{"allow":["GET"]}}],"collection":[{"href":"https:\/\/diarioavanzada.com.mx\/index.php?rest_route=\/wp\/v2\/posts"}],"about":[{"href":"https:\/\/diarioavanzada.com.mx\/index.php?rest_route=\/wp\/v2\/types\/post"}],"author":[{"embeddable":true,"href":"https:\/\/diarioavanzada.com.mx\/index.php?rest_route=\/wp\/v2\/users\/7"}],"replies":[{"embeddable":true,"href":"https:\/\/diarioavanzada.com.mx\/index.php?rest_route=%2Fwp%2Fv2%2Fcomments&post=71640"}],"version-history":[{"count":0,"href":"https:\/\/diarioavanzada.com.mx\/index.php?rest_route=\/wp\/v2\/posts\/71640\/revisions"}],"wp:featuredmedia":[{"embeddable":true,"href":"https:\/\/diarioavanzada.com.mx\/index.php?rest_route=\/wp\/v2\/media\/71639"}],"wp:attachment":[{"href":"https:\/\/diarioavanzada.com.mx\/index.php?rest_route=%2Fwp%2Fv2%2Fmedia&parent=71640"}],"wp:term":[{"taxonomy":"category","embeddable":true,"href":"https:\/\/diarioavanzada.com.mx\/index.php?rest_route=%2Fwp%2Fv2%2Fcategories&post=71640"},{"taxonomy":"post_tag","embeddable":true,"href":"https:\/\/diarioavanzada.com.mx\/index.php?rest_route=%2Fwp%2Fv2%2Ftags&post=71640"}],"curies":[{"name":"wp","href":"https:\/\/api.w.org\/{rel}","templated":true}]}}