{"id":71488,"date":"2025-01-14T13:39:40","date_gmt":"2025-01-14T19:39:40","guid":{"rendered":"https:\/\/diarioavanzada.com.mx\/?p=71488"},"modified":"2025-01-14T13:39:40","modified_gmt":"2025-01-14T19:39:40","slug":"gobernador-de-sinaloa-critica-a-liga-mx-por-delicadeza-ante-inseguridad","status":"publish","type":"post","link":"https:\/\/diarioavanzada.com.mx\/?p=71488","title":{"rendered":"Gobernador de Sinaloa critica a Liga MX por \u201cdelicadeza\u201d ante inseguridad"},"content":{"rendered":"\n<p class=\"p1 wp-block-paragraph\">Sinaloa, M\u00e9xico, Avanzada (14\/01\/2025).- El gobernador Rub\u00e9n Rocha Moya lanz\u00f3 duras cr\u00edticas contra la Liga MX por su decisi\u00f3n de retirar temporalmente al equipo Dorados de Sinaloa de su sede en Culiac\u00e1n debido a la violencia que azota la entidad. Durante su conferencia semanal, Rocha calific\u00f3 a los dirigentes de la Liga como \u201cdemasiado delicados\u201d en cuestiones de seguridad, incluso compar\u00e1ndolos con eventos deportivos en zonas de conflicto internacional.<\/p>\n\n\n\n<p class=\"p1 wp-block-paragraph\">\u201cSi en lugares donde caen bombas todav\u00eda juegan futbol, \u00bfpor qu\u00e9 aqu\u00ed no?\u201d, expres\u00f3 Rocha, aludiendo a pa\u00edses en guerra como Ucrania y regiones cercanas a Israel.<\/p>\n\n\n\n<p class=\"p1 wp-block-paragraph\">El mandatario estatal tambi\u00e9n critic\u00f3 el modelo econ\u00f3mico del f\u00fatbol mexicano, al que acus\u00f3 de priorizar ganancias sobre la solidaridad con las comunidades. \u201cEs un negocio que exprime a la gente. Venden boletos, camisetas y cualquier cosa que puedan, pero cuando deben ser solidarios, desaparecen\u201d, afirm\u00f3.<\/p>\n\n\n\n<p class=\"p1 wp-block-paragraph\">La decisi\u00f3n de trasladar a los Dorados al Estadio Caliente de Tijuana a mitad del Apertura 2024 se tom\u00f3 debido a la creciente violencia derivada del conflicto entre Los Chapitos y La Mayiza, que ha dejado alrededor de 700 homicidios en m\u00e1s de cuatro meses.<\/p>\n\n\n\n<p class=\"p1 wp-block-paragraph\">Rocha contrast\u00f3 la situaci\u00f3n del f\u00fatbol con la del b\u00e9isbol, deporte que continua sus actividades en el estado pese a las condiciones de inseguridad. \u201cNo entiendo por qu\u00e9 ellos [la Liga MX] toman decisiones que otros deportes no toman\u201d, se\u00f1al\u00f3.<\/p>\n\n\n\n<p class=\"p1 wp-block-paragraph\">La tensi\u00f3n entre el gobierno estatal y la Liga MX se suma a la preocupaci\u00f3n general por el impacto de la violencia en Sinaloa, donde la vida cotidiana y el deporte enfrentan desaf\u00edos constantes.<\/p>\n\n\n\n<figure class=\"wp-block-video\"><div class=\"wp-block-embed__wrapper\">\n<iframe title=\"VideoPress Video Player\" aria-label='VideoPress Video Player' width='740' height='328' src='https:\/\/videopress.com\/embed\/7Wnb5EMl?cover=1&amp;preloadContent=metadata&amp;useAverageColor=1&amp;hd=0' frameborder='0' allowfullscreen data-resize-to-parent=\"true\" allow='clipboard-write'><\/iframe><script src='https:\/\/v0.wordpress.com\/js\/next\/videopress-iframe.js?m=1725245713'><\/script>\n<\/div><\/figure>\n<div class=\"fb-background-color\">\n\t\t\t  <div \n\t\t\t  \tclass = \"fb-comments\" \n\t\t\t  \tdata-href = \"https:\/\/diarioavanzada.com.mx\/?p=71488\"\n\t\t\t  \tdata-numposts = \"10\"\n\t\t\t  \tdata-lazy = \"true\"\n\t\t\t\tdata-colorscheme = \"light\"\n\t\t\t\tdata-order-by = \"social\"\n\t\t\t\tdata-mobile=true>\n\t\t\t  <\/div><\/div>\n\t\t  <style>\n\t\t    .fb-background-color {\n\t\t\t\tbackground:  !important;\n\t\t\t}\n\t\t\t.fb_iframe_widget_fluid_desktop iframe {\n\t\t\t    width: 100% !important;\n\t\t\t}\n\t\t  <\/style>\n\t\t  ","protected":false},"excerpt":{"rendered":"<p>Sinaloa, M\u00e9xico, Avanzada (14\/01\/2025).- El gobernador Rub\u00e9n Rocha Moya lanz\u00f3 duras cr\u00edticas contra la Liga MX por su decisi\u00f3n de retirar temporalmente al equipo Dorados de Sinaloa de su sede en Culiac\u00e1n debido a la violencia que azota la entidad. Durante su conferencia semanal, Rocha calific\u00f3 a los dirigentes de la Liga como \u201cdemasiado delicados\u201d [&hellip;]<\/p>\n","protected":false},"author":7,"featured_media":71490,"comment_status":"closed","ping_status":"closed","sticky":false,"template":"","format":"standard","meta":{"_coblocks_attr":"","_coblocks_dimensions":"","_coblocks_responsive_height":"","_coblocks_accordion_ie_support":"","_crdt_document":"","advanced_seo_description":"","jetpack_seo_html_title":"","jetpack_seo_noindex":false,"_jetpack_memberships_contains_paid_content":false,"footnotes":""},"categories":[22,7,231],"tags":[],"class_list":["post-71488","post","type-post","status-publish","format-standard","has-post-thumbnail","hentry","category-nacion","category-noticias","category-seguridad"],"jetpack_featured_media_url":"https:\/\/diarioavanzada.com.mx\/wp-content\/uploads\/2025\/01\/img_0311-1.jpg","jetpack-related-posts":[],"jetpack_sharing_enabled":true,"amp_enabled":true,"_links":{"self":[{"href":"https:\/\/diarioavanzada.com.mx\/index.php?rest_route=\/wp\/v2\/posts\/71488","targetHints":{"allow":["GET"]}}],"collection":[{"href":"https:\/\/diarioavanzada.com.mx\/index.php?rest_route=\/wp\/v2\/posts"}],"about":[{"href":"https:\/\/diarioavanzada.com.mx\/index.php?rest_route=\/wp\/v2\/types\/post"}],"author":[{"embeddable":true,"href":"https:\/\/diarioavanzada.com.mx\/index.php?rest_route=\/wp\/v2\/users\/7"}],"replies":[{"embeddable":true,"href":"https:\/\/diarioavanzada.com.mx\/index.php?rest_route=%2Fwp%2Fv2%2Fcomments&post=71488"}],"version-history":[{"count":1,"href":"https:\/\/diarioavanzada.com.mx\/index.php?rest_route=\/wp\/v2\/posts\/71488\/revisions"}],"predecessor-version":[{"id":71491,"href":"https:\/\/diarioavanzada.com.mx\/index.php?rest_route=\/wp\/v2\/posts\/71488\/revisions\/71491"}],"wp:featuredmedia":[{"embeddable":true,"href":"https:\/\/diarioavanzada.com.mx\/index.php?rest_route=\/wp\/v2\/media\/71490"}],"wp:attachment":[{"href":"https:\/\/diarioavanzada.com.mx\/index.php?rest_route=%2Fwp%2Fv2%2Fmedia&parent=71488"}],"wp:term":[{"taxonomy":"category","embeddable":true,"href":"https:\/\/diarioavanzada.com.mx\/index.php?rest_route=%2Fwp%2Fv2%2Fcategories&post=71488"},{"taxonomy":"post_tag","embeddable":true,"href":"https:\/\/diarioavanzada.com.mx\/index.php?rest_route=%2Fwp%2Fv2%2Ftags&post=71488"}],"curies":[{"name":"wp","href":"https:\/\/api.w.org\/{rel}","templated":true}]}}