{"id":71466,"date":"2025-01-14T11:18:09","date_gmt":"2025-01-14T17:18:09","guid":{"rendered":"https:\/\/diarioavanzada.com.mx\/?p=71466"},"modified":"2025-01-14T11:18:09","modified_gmt":"2025-01-14T17:18:09","slug":"localizan-cabeza-humana-frente-a-catedral-de-apatzingan","status":"publish","type":"post","link":"https:\/\/diarioavanzada.com.mx\/?p=71466","title":{"rendered":"Localizan cabeza humana frente a Catedral de Apatzing\u00e1n"},"content":{"rendered":"\n<p class=\"p1 wp-block-paragraph\">Michoac\u00e1n, M\u00e9xico, Avanzada (14\/01\/2025).- La violencia golpe\u00f3 nuevamente esta ciudad con el hallazgo de una cabeza humana en la plaza del Centro, justo a las afueras de la Catedral de Apatzing\u00e1n, la ma\u00f1ana de este martes.<\/p>\n\n\n\n<p class=\"p1 wp-block-paragraph\">El macabro descubrimiento fue reportado a las autoridades alrededor de las 7:00 horas. Al llegar al lugar, personal de la Fiscal\u00eda Regional de Apatzing\u00e1n confirm\u00f3 la presencia del cr\u00e1neo humano y asegur\u00f3 un mensaje dejado por los presuntos responsables, presuntamente dirigido a un grupo delictivo.<\/p>\n\n\n\n<p class=\"p1 wp-block-paragraph\">Los agentes acordonaron el \u00e1rea conforme al protocolo de la cadena de custodia para preservar la evidencia. Peritos de la Unidad de Servicios Periciales y Escena del Crimen se encargaron de realizar las diligencias correspondientes.<\/p>\n\n\n\n<p class=\"p1 wp-block-paragraph\">Debajo de la cabeza se encontr\u00f3 una cartulina blanca con un mensaje de amenaza que apuntar\u00eda a la pugna entre grupos criminales que operan en la regi\u00f3n, donde la disputa por el control territorial genera una ola de violencia constante.<\/p>\n\n\n\n<p class=\"p1 wp-block-paragraph\">La Fiscal\u00eda General del Estado ya investiga los hechos, mientras las autoridades reforzaron la seguridad en la zona centro de la ciudad.<\/p>\n<div class=\"fb-background-color\">\n\t\t\t  <div \n\t\t\t  \tclass = \"fb-comments\" \n\t\t\t  \tdata-href = \"https:\/\/diarioavanzada.com.mx\/?p=71466\"\n\t\t\t  \tdata-numposts = \"10\"\n\t\t\t  \tdata-lazy = \"true\"\n\t\t\t\tdata-colorscheme = \"light\"\n\t\t\t\tdata-order-by = \"social\"\n\t\t\t\tdata-mobile=true>\n\t\t\t  <\/div><\/div>\n\t\t  <style>\n\t\t    .fb-background-color {\n\t\t\t\tbackground:  !important;\n\t\t\t}\n\t\t\t.fb_iframe_widget_fluid_desktop iframe {\n\t\t\t    width: 100% !important;\n\t\t\t}\n\t\t  <\/style>\n\t\t  ","protected":false},"excerpt":{"rendered":"<p>Michoac\u00e1n, M\u00e9xico, Avanzada (14\/01\/2025).- La violencia golpe\u00f3 nuevamente esta ciudad con el hallazgo de una cabeza humana en la plaza del Centro, justo a las afueras de la Catedral de Apatzing\u00e1n, la ma\u00f1ana de este martes. El macabro descubrimiento fue reportado a las autoridades alrededor de las 7:00 horas. Al llegar al lugar, personal de [&hellip;]<\/p>\n","protected":false},"author":7,"featured_media":71465,"comment_status":"closed","ping_status":"closed","sticky":false,"template":"","format":"standard","meta":{"_coblocks_attr":"","_coblocks_dimensions":"","_coblocks_responsive_height":"","_coblocks_accordion_ie_support":"","_crdt_document":"","advanced_seo_description":"","jetpack_seo_html_title":"","jetpack_seo_noindex":false,"_jetpack_memberships_contains_paid_content":false,"footnotes":""},"categories":[22,7,231],"tags":[],"class_list":["post-71466","post","type-post","status-publish","format-standard","has-post-thumbnail","hentry","category-nacion","category-noticias","category-seguridad"],"jetpack_featured_media_url":"https:\/\/diarioavanzada.com.mx\/wp-content\/uploads\/2025\/01\/774ae0e5-5f7d-44f8-b280-6b96074d7794-1.jpg","jetpack-related-posts":[],"jetpack_sharing_enabled":true,"amp_enabled":true,"_links":{"self":[{"href":"https:\/\/diarioavanzada.com.mx\/index.php?rest_route=\/wp\/v2\/posts\/71466","targetHints":{"allow":["GET"]}}],"collection":[{"href":"https:\/\/diarioavanzada.com.mx\/index.php?rest_route=\/wp\/v2\/posts"}],"about":[{"href":"https:\/\/diarioavanzada.com.mx\/index.php?rest_route=\/wp\/v2\/types\/post"}],"author":[{"embeddable":true,"href":"https:\/\/diarioavanzada.com.mx\/index.php?rest_route=\/wp\/v2\/users\/7"}],"replies":[{"embeddable":true,"href":"https:\/\/diarioavanzada.com.mx\/index.php?rest_route=%2Fwp%2Fv2%2Fcomments&post=71466"}],"version-history":[{"count":1,"href":"https:\/\/diarioavanzada.com.mx\/index.php?rest_route=\/wp\/v2\/posts\/71466\/revisions"}],"predecessor-version":[{"id":71478,"href":"https:\/\/diarioavanzada.com.mx\/index.php?rest_route=\/wp\/v2\/posts\/71466\/revisions\/71478"}],"wp:featuredmedia":[{"embeddable":true,"href":"https:\/\/diarioavanzada.com.mx\/index.php?rest_route=\/wp\/v2\/media\/71465"}],"wp:attachment":[{"href":"https:\/\/diarioavanzada.com.mx\/index.php?rest_route=%2Fwp%2Fv2%2Fmedia&parent=71466"}],"wp:term":[{"taxonomy":"category","embeddable":true,"href":"https:\/\/diarioavanzada.com.mx\/index.php?rest_route=%2Fwp%2Fv2%2Fcategories&post=71466"},{"taxonomy":"post_tag","embeddable":true,"href":"https:\/\/diarioavanzada.com.mx\/index.php?rest_route=%2Fwp%2Fv2%2Ftags&post=71466"}],"curies":[{"name":"wp","href":"https:\/\/api.w.org\/{rel}","templated":true}]}}