{"id":71416,"date":"2025-01-13T21:53:46","date_gmt":"2025-01-14T03:53:46","guid":{"rendered":"https:\/\/diarioavanzada.com.mx\/?p=71416"},"modified":"2025-01-13T21:55:32","modified_gmt":"2025-01-14T03:55:32","slug":"71416","status":"publish","type":"post","link":"https:\/\/diarioavanzada.com.mx\/?p=71416","title":{"rendered":"Comienza el&nbsp;registro de&nbsp;solicitud en&nbsp;l\u00ednea para el&nbsp;Ciclo&nbsp;Escolar 2025-2026"},"content":{"rendered":"\n<p class=\"s8 wp-block-paragraph\"><em>La dependencia educativa&nbsp;estatal&nbsp;reitera que en&nbsp;el&nbsp;caso del nivel&nbsp;preescolar el tr\u00e1mite es presencial en la escuela elegida<\/em><\/p>\n\n\n\n<p class=\"s6 wp-block-paragraph\">Colima, M\u00e9xico, Avanzada (13\/01\/2025).- El Gobierno del Estado de Colima, a trav\u00e9s de la Secretar\u00eda de Educaci\u00f3n y Cultura, informa que,&nbsp;a partir de&nbsp;este lunes 13&nbsp;est\u00e1 disponible el Registro de Solicitud en L\u00ednea y Selecci\u00f3n de Escuela para el Ciclo Escolar 2025-2026. Este&nbsp;proceso,&nbsp;que se extender\u00e1 hasta el 24 de enero, es un paso clave para madres, padres y&nbsp;personas&nbsp;tutoras con menores en edad de ingresar al primer grado de primaria o secundaria.<\/p>\n\n\n\n<p class=\"s6 wp-block-paragraph\">Detall\u00f3 que las familias interesadas deben ingresar al portal oficial <a href=\"http:\/\/www.secolima.gob.mx\" rel=\"nofollow\">http:\/\/www.secolima.gob.mx<\/a> para realizar el registro, seleccionar la escuela de su preferencia e imprimir el comprobante de solicitud, el cual deber\u00e1 presentarse junto con los documentos requeridos en el plantel elegido.<\/p>\n\n\n\n<p class=\"s6 wp-block-paragraph\">Hasta ahora, el proceso ha avanzado de manera satisfactoria, con la descarga de la Carta de Inscripci\u00f3n, que&nbsp;inici\u00f3 desde el&nbsp;6&nbsp;de enero y concluye este lunes 13. El siguiente paso es completar el Registro de Solicitud en L\u00ednea, cuya fecha l\u00edmite es el 24 de enero para garantizar un lugar en la escuela seleccionada. Los resultados se publicar\u00e1n los d\u00edas 12 y 13 de febrero, y el sorteo de turno -en escuelas de alta demanda-, se realizar\u00e1 el 18 de febrero.<\/p>\n\n\n\n<p class=\"s6 wp-block-paragraph\">Finalmente, la dependencia educativa invita a las familias a completar el proceso de inscripci\u00f3n en tiempo y forma para garantizar espacios educativos adecuados para ni\u00f1as, ni\u00f1os y adolescentes. Asimismo,&nbsp;reitera que las familias que no cuenten con medios electr\u00f3nicos podr\u00e1n recibir apoyo presencial en las escuelas de su elecci\u00f3n o en las Unidades de Servicios Administrativos y Educativos (USAE) de cada municipio.<\/p>\n\n\n\n<p class=\"s6 wp-block-paragraph\">&nbsp;<\/p>\n\n\n\n<figure class=\"wp-block-image size-large\"><img loading=\"lazy\" decoding=\"async\" width=\"966\" height=\"1024\" src=\"https:\/\/diarioavanzada.com.mx\/wp-content\/uploads\/2025\/01\/img_3384-1-966x1024.jpg\" alt=\"\" class=\"wp-image-71414\" srcset=\"https:\/\/diarioavanzada.com.mx\/wp-content\/uploads\/2025\/01\/img_3384-1-966x1024.jpg 966w, https:\/\/diarioavanzada.com.mx\/wp-content\/uploads\/2025\/01\/img_3384-1-283x300.jpg 283w, https:\/\/diarioavanzada.com.mx\/wp-content\/uploads\/2025\/01\/img_3384-1-768x814.jpg 768w, https:\/\/diarioavanzada.com.mx\/wp-content\/uploads\/2025\/01\/img_3384-1.jpg 1080w\" sizes=\"auto, (max-width: 966px) 100vw, 966px\" \/><\/figure>\n<div class=\"fb-background-color\">\n\t\t\t  <div \n\t\t\t  \tclass = \"fb-comments\" \n\t\t\t  \tdata-href = \"https:\/\/diarioavanzada.com.mx\/?p=71416\"\n\t\t\t  \tdata-numposts = \"10\"\n\t\t\t  \tdata-lazy = \"true\"\n\t\t\t\tdata-colorscheme = \"light\"\n\t\t\t\tdata-order-by = \"social\"\n\t\t\t\tdata-mobile=true>\n\t\t\t  <\/div><\/div>\n\t\t  <style>\n\t\t    .fb-background-color {\n\t\t\t\tbackground:  !important;\n\t\t\t}\n\t\t\t.fb_iframe_widget_fluid_desktop iframe {\n\t\t\t    width: 100% !important;\n\t\t\t}\n\t\t  <\/style>\n\t\t  ","protected":false},"excerpt":{"rendered":"<p>La dependencia educativa&nbsp;estatal&nbsp;reitera que en&nbsp;el&nbsp;caso del nivel&nbsp;preescolar el tr\u00e1mite es presencial en la escuela elegida Colima, M\u00e9xico, Avanzada (13\/01\/2025).- El Gobierno del Estado de Colima, a trav\u00e9s de la Secretar\u00eda de Educaci\u00f3n y Cultura, informa que,&nbsp;a partir de&nbsp;este lunes 13&nbsp;est\u00e1 disponible el Registro de Solicitud en L\u00ednea y Selecci\u00f3n de Escuela para el Ciclo Escolar [&hellip;]<\/p>\n","protected":false},"author":7,"featured_media":71415,"comment_status":"closed","ping_status":"closed","sticky":false,"template":"","format":"standard","meta":{"_coblocks_attr":"","_coblocks_dimensions":"","_coblocks_responsive_height":"","_coblocks_accordion_ie_support":"","_crdt_document":"","advanced_seo_description":"","jetpack_seo_html_title":"","jetpack_seo_noindex":false,"_jetpack_memberships_contains_paid_content":false,"footnotes":""},"categories":[19,209],"tags":[],"class_list":["post-71416","post","type-post","status-publish","format-standard","has-post-thumbnail","hentry","category-colima","category-importantes"],"jetpack_featured_media_url":"https:\/\/diarioavanzada.com.mx\/wp-content\/uploads\/2025\/01\/img_3383-1.jpg","jetpack-related-posts":[],"jetpack_sharing_enabled":true,"amp_enabled":true,"_links":{"self":[{"href":"https:\/\/diarioavanzada.com.mx\/index.php?rest_route=\/wp\/v2\/posts\/71416","targetHints":{"allow":["GET"]}}],"collection":[{"href":"https:\/\/diarioavanzada.com.mx\/index.php?rest_route=\/wp\/v2\/posts"}],"about":[{"href":"https:\/\/diarioavanzada.com.mx\/index.php?rest_route=\/wp\/v2\/types\/post"}],"author":[{"embeddable":true,"href":"https:\/\/diarioavanzada.com.mx\/index.php?rest_route=\/wp\/v2\/users\/7"}],"replies":[{"embeddable":true,"href":"https:\/\/diarioavanzada.com.mx\/index.php?rest_route=%2Fwp%2Fv2%2Fcomments&post=71416"}],"version-history":[{"count":4,"href":"https:\/\/diarioavanzada.com.mx\/index.php?rest_route=\/wp\/v2\/posts\/71416\/revisions"}],"predecessor-version":[{"id":71420,"href":"https:\/\/diarioavanzada.com.mx\/index.php?rest_route=\/wp\/v2\/posts\/71416\/revisions\/71420"}],"wp:featuredmedia":[{"embeddable":true,"href":"https:\/\/diarioavanzada.com.mx\/index.php?rest_route=\/wp\/v2\/media\/71415"}],"wp:attachment":[{"href":"https:\/\/diarioavanzada.com.mx\/index.php?rest_route=%2Fwp%2Fv2%2Fmedia&parent=71416"}],"wp:term":[{"taxonomy":"category","embeddable":true,"href":"https:\/\/diarioavanzada.com.mx\/index.php?rest_route=%2Fwp%2Fv2%2Fcategories&post=71416"},{"taxonomy":"post_tag","embeddable":true,"href":"https:\/\/diarioavanzada.com.mx\/index.php?rest_route=%2Fwp%2Fv2%2Ftags&post=71416"}],"curies":[{"name":"wp","href":"https:\/\/api.w.org\/{rel}","templated":true}]}}