{"id":71343,"date":"2025-01-13T18:32:49","date_gmt":"2025-01-14T00:32:49","guid":{"rendered":"https:\/\/diarioavanzada.com.mx\/?p=71343"},"modified":"2025-01-13T18:33:39","modified_gmt":"2025-01-14T00:33:39","slug":"udec-y-secretaria-de-educacion-suman-esfuerzos-para-mejorar-sus-servicios","status":"publish","type":"post","link":"https:\/\/diarioavanzada.com.mx\/?p=71343","title":{"rendered":"UdeC y Secretar\u00eda de Educaci\u00f3n suman&nbsp;esfuerzos para mejorar sus servicios"},"content":{"rendered":"\n<p class=\"wp-block-paragraph\"><em>\u201cLos estudiantes de la Universidad de Colima, a trav\u00e9s de sus pr\u00e1cticas, realizar\u00e1n acompa\u00f1amiento, sobre todo en educaci\u00f3n b\u00e1sica y educaci\u00f3n especial\u201d: Adolfo N\u00fa\u00f1ez<\/em><\/p>\n\n\n\n<p class=\"wp-block-paragraph\">Colima, M\u00e9xico, Avanzada (13\/01\/2025).- La Universidad de Colima, la Secretar\u00eda de Educaci\u00f3n y Cultura y la Coordinaci\u00f3n de los Servicios Educativos del Estado De Colima, firmaron este lunes un convenio de colaboraci\u00f3n para que estudiantes de esta casa de estudios realicen su servicio constitucional y\/o pr\u00e1ctica profesional, en escuelas y centros de trabajo a cargo de dicha Secretar\u00eda.<\/p>\n\n\n\n<p class=\"wp-block-paragraph\">Adolfo N\u00fa\u00f1ez Gonz\u00e1lez, secretario de Educaci\u00f3n y Cultura, dijo que este convenio busca trabajar con los futuros formadores de ni\u00f1as, ni\u00f1os y j\u00f3venes de las instituciones del estado. \u201cLos estudiantes de la Universidad de Colima, a trav\u00e9s de sus pr\u00e1cticas, realizar\u00e1n acompa\u00f1amiento, sobre todo en educaci\u00f3n b\u00e1sica y educaci\u00f3n especial\u201d.&nbsp;<\/p>\n\n\n\n<p class=\"wp-block-paragraph\">En ese sentido, Leobardo George Oc\u00f3n, abogado general de la UdeC, dijo que este tipo de convenios \u201cno s\u00f3lo ayudan a que los estudiantes pongan en pr\u00e1ctica lo aprendido en las aulas, sino que tambi\u00e9n permiten formalizar los procesos internos de las facultades, y esto les ayuda en sus procesos de acreditaci\u00f3n\u201d.<\/p>\n\n\n\n<p class=\"wp-block-paragraph\">Por su parte, Mart\u00edn Generado Vargas, director de la Facultad de Ciencias de la Educaci\u00f3n (FCE), coment\u00f3 que este convenio ayuda, por una parte, \u201ca formar a nuestra raz\u00f3n de ser, que son los estudiantes, y de manera particular en la pr\u00e1ctica profesional y el servicio social, ya que les permite contrastar su formaci\u00f3n con la realidad\u201d.<\/p>\n\n\n\n<p class=\"wp-block-paragraph\">Agreg\u00f3 que el convenio permite que, a trav\u00e9s de las distintas escuelas y niveles, la Secretar\u00eda pueda atender las \u00e1reas con mayor necesidad de personal, enviando estudiantes que colaboren activamente en estas instituciones. \u201cSe trata de un acuerdo de ganar-ganar: la instituci\u00f3n fortalece la formaci\u00f3n de los estudiantes, la Secretar\u00eda cubre espacios importantes en las escuelas, y, en \u00faltima instancia, la sociedad se ve favorecida\u201d.<\/p>\n\n\n\n<p class=\"wp-block-paragraph\">Finalmente Cal\u00edope Mendoza Llamas, directora general de Servicio Social y Pr\u00e1ctica Profesional, coment\u00f3 que este convenio queda abierto para las diferentes carreras que se imparten en la Universidad de Colima.<\/p>\n\n\n\n<p class=\"wp-block-paragraph\">En la ceremonia estuvieron presentes, por parte de la Secretar\u00eda de Educaci\u00f3n y Cultura, Katia V\u00e1zquez Sol\u00f3rzano, subsecretaria de Educaci\u00f3n y directora general de la Coordinaci\u00f3n de Servicios Educativos, as\u00ed como representantes de Educaci\u00f3n B\u00e1sica, Educaci\u00f3n P\u00fablica, del \u00e1rea jur\u00eddica y de Educaci\u00f3n Superior y Media Superior.&nbsp;<\/p>\n\n\n\n<p class=\"wp-block-paragraph\">Y por parte de la Universidad de Colima, Luis Fernando Maciel, coordinador del \u00e1rea de Educaci\u00f3n F\u00edsica y Deporte; Lenin Barajas, coordinador de la maestr\u00eda en Intervenci\u00f3n Educativa, y Lourdes Lizeth Vizca\u00edno, coordinadora de la Licenciatura en Educaci\u00f3n Especial, todos de la Facultad de Ciencias de la Educaci\u00f3n.<\/p>\n\n\n\n<figure class=\"wp-block-image size-large\"><img loading=\"lazy\" decoding=\"async\" width=\"1024\" height=\"680\" src=\"https:\/\/diarioavanzada.com.mx\/wp-content\/uploads\/2025\/01\/img_6488-1-1024x680.jpg\" alt=\"\" class=\"wp-image-71382\" srcset=\"https:\/\/diarioavanzada.com.mx\/wp-content\/uploads\/2025\/01\/img_6488-1-1024x680.jpg 1024w, https:\/\/diarioavanzada.com.mx\/wp-content\/uploads\/2025\/01\/img_6488-1-300x199.jpg 300w, https:\/\/diarioavanzada.com.mx\/wp-content\/uploads\/2025\/01\/img_6488-1-768x510.jpg 768w, https:\/\/diarioavanzada.com.mx\/wp-content\/uploads\/2025\/01\/img_6488-1.jpg 1100w\" sizes=\"auto, (max-width: 1024px) 100vw, 1024px\" \/><\/figure>\n\n\n\n<figure class=\"wp-block-image size-large\"><img decoding=\"async\" src=\"file:\/\/\/private\/var\/mobile\/Containers\/Data\/Application\/C9B2013C-643B-42FE-8CAA-50D1E8B81258\/tmp\/org.automattic.MediaImageServiceSymlinks\/thumbnail-4dcaea4d-6a4d-4100-9a32-e8d6e9add709-1100x732.jpeg\" alt=\"\" class=\"wp-image--1740504263\"\/><\/figure>\n<div class=\"fb-background-color\">\n\t\t\t  <div \n\t\t\t  \tclass = \"fb-comments\" \n\t\t\t  \tdata-href = \"https:\/\/diarioavanzada.com.mx\/?p=71343\"\n\t\t\t  \tdata-numposts = \"10\"\n\t\t\t  \tdata-lazy = \"true\"\n\t\t\t\tdata-colorscheme = \"light\"\n\t\t\t\tdata-order-by = \"social\"\n\t\t\t\tdata-mobile=true>\n\t\t\t  <\/div><\/div>\n\t\t  <style>\n\t\t    .fb-background-color {\n\t\t\t\tbackground:  !important;\n\t\t\t}\n\t\t\t.fb_iframe_widget_fluid_desktop iframe {\n\t\t\t    width: 100% !important;\n\t\t\t}\n\t\t  <\/style>\n\t\t  ","protected":false},"excerpt":{"rendered":"<p>\u201cLos estudiantes de la Universidad de Colima, a trav\u00e9s de sus pr\u00e1cticas, realizar\u00e1n acompa\u00f1amiento, sobre todo en educaci\u00f3n b\u00e1sica y educaci\u00f3n especial\u201d: Adolfo N\u00fa\u00f1ez Colima, M\u00e9xico, Avanzada (13\/01\/2025).- La Universidad de Colima, la Secretar\u00eda de Educaci\u00f3n y Cultura y la Coordinaci\u00f3n de los Servicios Educativos del Estado De Colima, firmaron este lunes un convenio de [&hellip;]<\/p>\n","protected":false},"author":7,"featured_media":71388,"comment_status":"closed","ping_status":"closed","sticky":false,"template":"","format":"standard","meta":{"_coblocks_attr":"","_coblocks_dimensions":"","_coblocks_responsive_height":"","_coblocks_accordion_ie_support":"","_crdt_document":"","advanced_seo_description":"","jetpack_seo_html_title":"","jetpack_seo_noindex":false,"_jetpack_memberships_contains_paid_content":false,"footnotes":""},"categories":[19,209,7],"tags":[],"class_list":["post-71343","post","type-post","status-publish","format-standard","has-post-thumbnail","hentry","category-colima","category-importantes","category-noticias"],"jetpack_featured_media_url":"https:\/\/diarioavanzada.com.mx\/wp-content\/uploads\/2025\/01\/img_0279-1.jpg","jetpack-related-posts":[],"jetpack_sharing_enabled":true,"amp_enabled":true,"_links":{"self":[{"href":"https:\/\/diarioavanzada.com.mx\/index.php?rest_route=\/wp\/v2\/posts\/71343","targetHints":{"allow":["GET"]}}],"collection":[{"href":"https:\/\/diarioavanzada.com.mx\/index.php?rest_route=\/wp\/v2\/posts"}],"about":[{"href":"https:\/\/diarioavanzada.com.mx\/index.php?rest_route=\/wp\/v2\/types\/post"}],"author":[{"embeddable":true,"href":"https:\/\/diarioavanzada.com.mx\/index.php?rest_route=\/wp\/v2\/users\/7"}],"replies":[{"embeddable":true,"href":"https:\/\/diarioavanzada.com.mx\/index.php?rest_route=%2Fwp%2Fv2%2Fcomments&post=71343"}],"version-history":[{"count":6,"href":"https:\/\/diarioavanzada.com.mx\/index.php?rest_route=\/wp\/v2\/posts\/71343\/revisions"}],"predecessor-version":[{"id":71389,"href":"https:\/\/diarioavanzada.com.mx\/index.php?rest_route=\/wp\/v2\/posts\/71343\/revisions\/71389"}],"wp:featuredmedia":[{"embeddable":true,"href":"https:\/\/diarioavanzada.com.mx\/index.php?rest_route=\/wp\/v2\/media\/71388"}],"wp:attachment":[{"href":"https:\/\/diarioavanzada.com.mx\/index.php?rest_route=%2Fwp%2Fv2%2Fmedia&parent=71343"}],"wp:term":[{"taxonomy":"category","embeddable":true,"href":"https:\/\/diarioavanzada.com.mx\/index.php?rest_route=%2Fwp%2Fv2%2Fcategories&post=71343"},{"taxonomy":"post_tag","embeddable":true,"href":"https:\/\/diarioavanzada.com.mx\/index.php?rest_route=%2Fwp%2Fv2%2Ftags&post=71343"}],"curies":[{"name":"wp","href":"https:\/\/api.w.org\/{rel}","templated":true}]}}