{"id":71197,"date":"2025-01-12T18:04:10","date_gmt":"2025-01-13T00:04:10","guid":{"rendered":"https:\/\/diarioavanzada.com.mx\/?p=71197"},"modified":"2025-01-12T18:09:52","modified_gmt":"2025-01-13T00:09:52","slug":"las-victimas-se-esmeraron-en-crear-un-entorno-de-riesgo-gobernador-de-sonora","status":"publish","type":"post","link":"https:\/\/diarioavanzada.com.mx\/?p=71197","title":{"rendered":"\u201cLas v\u00edctimas se esmeraron en crear un entorno de riesgo\u201d: Gobernador de Sonora"},"content":{"rendered":"\n<p class=\"wp-block-paragraph\">Sonora, M\u00e9xico, Avanzada (12\/01\/2025).- En un acto que gener\u00f3 controversia y cr\u00edticas, el gobernador de Sonora, Alfonso Durazo, pareci\u00f3 trasladar la responsabilidad de la violencia que vive el estado a las propias v\u00edctimas y sus familias. Durante un evento con polic\u00edas, con motivo del D\u00eda del Polic\u00eda, Durazo afirm\u00f3 que en el 97.7% de los casos de asesinatos dolosos o desapariciones forzadas, las v\u00edctimas \u201cse esmeraron\u201d en crear un entorno de riesgo en virtud de las actividades en las que estuvieron involucrados.<\/p>\n\n\n\n<p class=\"wp-block-paragraph\">Las declaraciones del mandatario estatal no solo revictimizaron a quienes han perdido la vida o han desaparecido en el contexto de la crisis de violencia, sino que tambi\u00e9n implicaron a las familias, al acusarlas de no haber evitado las actividades il\u00edcitas de sus integrantes. Seg\u00fan Durazo, las familias suelen ser \u201clas \u00faltimas en enterarse\u201d de dichas actividades y, por ende, deber\u00edan asumir mayor responsabilidad para prevenir situaciones que generan entornos de riesgo.<\/p>\n\n\n\n<p class=\"wp-block-paragraph\">El gobernador tambi\u00e9n pidi\u00f3 apoyo a las familias para colaborar con las autoridades y mejorar las condiciones de seguridad en Sonora. \u201cEs importante que coadyuven desde ese \u00e1ngulo con el gobierno del estado y con las fuerzas de seguridad para contribuir al mejoramiento de la seguridad, la paz y la tranquilidad\u201d, expres\u00f3.<\/p>\n\n\n\n<p class=\"wp-block-paragraph\">Las declaraciones de Durazo fueron duramente cuestionadas por activistas, especialistas y ciudadanos, quienes se\u00f1alaron que el gobernador evade la responsabilidad de garantizar la seguridad y justicia en el estado, funciones que son parte de sus obligaciones como mandatario.<\/p>\n\n\n\n<p class=\"wp-block-paragraph\">Ahora resulta que no solo revictimiza a las v\u00edctimas, sino que las acusa, las procesa y las declara culpables de su propia desgracia. \u00bfY los criminales? \u00bfY los narcos que mandan en el estado? \u00bfEllos no son responsables de nada?, cuestionaron en redes sociales.<\/p>\n\n\n\n<p class=\"wp-block-paragraph\">Adem\u00e1s, recordaron las promesas de campa\u00f1a de Durazo, quien lleg\u00f3 al poder bajo la bandera de Morena prometiendo combatir a la delincuencia, y los resultados observados en su gesti\u00f3n, que a\u00fan enfrenta altos \u00edndices de violencia y crimen organizado.<\/p>\n\n\n\n<p class=\"wp-block-paragraph\">Sonora se est\u00e1 convertido en uno de los estados m\u00e1s violentos del pa\u00eds, con constantes enfrentamientos entre grupos delictivos y un aumento en los homicidios dolosos y desapariciones. La gesti\u00f3n de Alfonso Durazo fue se\u00f1alada por su incapacidad para contener a los grupos criminales que operan en la regi\u00f3n y por la falta de estrategias efectivas para garantizar la seguridad de los ciudadanos.<\/p>\n\n\n\n<p class=\"wp-block-paragraph\">Organizaciones de derechos humanos y especialistas advirtieron que culpar a las v\u00edctimas y sus familias fomenta un discurso peligroso que desv\u00eda la atenci\u00f3n de las verdaderas causas de la violencia en el estado: la impunidad, la corrupci\u00f3n, la falta de capacidades institucionales y el control que ejercen los grupos delictivos.<\/p>\n\n\n\n<p class=\"wp-block-paragraph\">En lugar de asumir su responsabilidad como l\u00edder del estado, Durazo parece buscar excusas y culpables, mientras el panorama de inseguridad en Sonora contin\u00faa siendo alarmante. Las v\u00edctimas y sus familias, en lugar de recibir justicia, encuentran un gobierno que las se\u00f1ala y las responsabiliza de su propia tragedia.<\/p>\n\n\n\n<figure class=\"wp-block-video\"><div class=\"wp-block-embed__wrapper\">\n<iframe title=\"VideoPress Video Player\" aria-label='VideoPress Video Player' width='740' height='303' src='https:\/\/videopress.com\/embed\/Kk6yyNt2?cover=1&amp;preloadContent=metadata&amp;useAverageColor=1&amp;hd=0' frameborder='0' allowfullscreen data-resize-to-parent=\"true\" allow='clipboard-write'><\/iframe><script src='https:\/\/v0.wordpress.com\/js\/next\/videopress-iframe.js?m=1725245713'><\/script>\n<\/div><\/figure>\n<div class=\"fb-background-color\">\n\t\t\t  <div \n\t\t\t  \tclass = \"fb-comments\" \n\t\t\t  \tdata-href = \"https:\/\/diarioavanzada.com.mx\/?p=71197\"\n\t\t\t  \tdata-numposts = \"10\"\n\t\t\t  \tdata-lazy = \"true\"\n\t\t\t\tdata-colorscheme = \"light\"\n\t\t\t\tdata-order-by = \"social\"\n\t\t\t\tdata-mobile=true>\n\t\t\t  <\/div><\/div>\n\t\t  <style>\n\t\t    .fb-background-color {\n\t\t\t\tbackground:  !important;\n\t\t\t}\n\t\t\t.fb_iframe_widget_fluid_desktop iframe {\n\t\t\t    width: 100% !important;\n\t\t\t}\n\t\t  <\/style>\n\t\t  ","protected":false},"excerpt":{"rendered":"<p>Sonora, M\u00e9xico, Avanzada (12\/01\/2025).- En un acto que gener\u00f3 controversia y cr\u00edticas, el gobernador de Sonora, Alfonso Durazo, pareci\u00f3 trasladar la responsabilidad de la violencia que vive el estado a las propias v\u00edctimas y sus familias. Durante un evento con polic\u00edas, con motivo del D\u00eda del Polic\u00eda, Durazo afirm\u00f3 que en el 97.7% de los [&hellip;]<\/p>\n","protected":false},"author":7,"featured_media":71198,"comment_status":"closed","ping_status":"closed","sticky":false,"template":"","format":"standard","meta":{"_coblocks_attr":"","_coblocks_dimensions":"","_coblocks_responsive_height":"","_coblocks_accordion_ie_support":"","_crdt_document":"","advanced_seo_description":"","jetpack_seo_html_title":"","jetpack_seo_noindex":false,"_jetpack_memberships_contains_paid_content":false,"footnotes":""},"categories":[22,7,29],"tags":[],"class_list":["post-71197","post","type-post","status-publish","format-standard","has-post-thumbnail","hentry","category-nacion","category-noticias","category-sociedad"],"jetpack_featured_media_url":"https:\/\/diarioavanzada.com.mx\/wp-content\/uploads\/2025\/01\/img_6459-1.jpg","jetpack-related-posts":[],"jetpack_sharing_enabled":true,"amp_enabled":true,"_links":{"self":[{"href":"https:\/\/diarioavanzada.com.mx\/index.php?rest_route=\/wp\/v2\/posts\/71197","targetHints":{"allow":["GET"]}}],"collection":[{"href":"https:\/\/diarioavanzada.com.mx\/index.php?rest_route=\/wp\/v2\/posts"}],"about":[{"href":"https:\/\/diarioavanzada.com.mx\/index.php?rest_route=\/wp\/v2\/types\/post"}],"author":[{"embeddable":true,"href":"https:\/\/diarioavanzada.com.mx\/index.php?rest_route=\/wp\/v2\/users\/7"}],"replies":[{"embeddable":true,"href":"https:\/\/diarioavanzada.com.mx\/index.php?rest_route=%2Fwp%2Fv2%2Fcomments&post=71197"}],"version-history":[{"count":3,"href":"https:\/\/diarioavanzada.com.mx\/index.php?rest_route=\/wp\/v2\/posts\/71197\/revisions"}],"predecessor-version":[{"id":71203,"href":"https:\/\/diarioavanzada.com.mx\/index.php?rest_route=\/wp\/v2\/posts\/71197\/revisions\/71203"}],"wp:featuredmedia":[{"embeddable":true,"href":"https:\/\/diarioavanzada.com.mx\/index.php?rest_route=\/wp\/v2\/media\/71198"}],"wp:attachment":[{"href":"https:\/\/diarioavanzada.com.mx\/index.php?rest_route=%2Fwp%2Fv2%2Fmedia&parent=71197"}],"wp:term":[{"taxonomy":"category","embeddable":true,"href":"https:\/\/diarioavanzada.com.mx\/index.php?rest_route=%2Fwp%2Fv2%2Fcategories&post=71197"},{"taxonomy":"post_tag","embeddable":true,"href":"https:\/\/diarioavanzada.com.mx\/index.php?rest_route=%2Fwp%2Fv2%2Ftags&post=71197"}],"curies":[{"name":"wp","href":"https:\/\/api.w.org\/{rel}","templated":true}]}}