{"id":71161,"date":"2025-01-12T12:30:45","date_gmt":"2025-01-12T18:30:45","guid":{"rendered":"https:\/\/diarioavanzada.com.mx\/?p=71161"},"modified":"2025-01-12T12:30:45","modified_gmt":"2025-01-12T18:30:45","slug":"claudia-sheinbaum-presenta-informe-de-100-dias-de-gobierno-en-el-zocalo","status":"publish","type":"post","link":"https:\/\/diarioavanzada.com.mx\/?p=71161","title":{"rendered":"Claudia Sheinbaum presenta informe de 100 d\u00edas de gobierno en el Z\u00f3calo"},"content":{"rendered":"\n<p class=\"p1 wp-block-paragraph\">M\u00e9xico, Avanzada (12\/01\/2025).- La presidenta Claudia Sheinbaum ofreci\u00f3 este domingo un balance de sus primeros 100 d\u00edas de gobierno en un acto p\u00fablico realizado en el Z\u00f3calo de la Ciudad de M\u00e9xico, donde se dio un ba\u00f1o de pueblo al recibir el apoyo de miles de simpatizantes que se congregaron desde temprana hora, pese a las condiciones clim\u00e1ticas.<\/p>\n\n\n\n<p class=\"p1 wp-block-paragraph\">Sheinbaum, quien asumi\u00f3 el cargo el 1 de octubre, es la primera mujer en ocupar la presidencia de M\u00e9xico. Durante estos tres meses, ha enfrentado desaf\u00edos como la reforma judicial, la ola de violencia en Sinaloa provocada por la lucha interna entre facciones del Cartel de Sinaloa, tensiones comerciales en el marco del TMEC y declaraciones controversiales del presidente electo de Estados Unidos, Donald Trump.<\/p>\n\n\n\n<p class=\"p1 wp-block-paragraph\">En el evento, siguiendo el modelo de cercan\u00eda con el pueblo implementado por su antecesor Andr\u00e9s Manuel L\u00f3pez Obrador, Sheinbaum estuvo acompa\u00f1ada por su gabinete, gobernadores morenistas y la dirigencia de Morena, adem\u00e1s de legisladores de partidos aliados como el PVEM y el PT. Entre los asistentes destacaron Ricardo Monreal, coordinador de Morena en San L\u00e1zaro, y Paco V\u00e1zquez, presidente de la Junta de Coordinaci\u00f3n Pol\u00edtica.<\/p>\n\n\n\n<p class=\"p1 wp-block-paragraph\">Pedro Haces, coordinador de Operaci\u00f3n Pol\u00edtica de Morena, inform\u00f3 que la convocatoria se extendi\u00f3 a los 253 diputados de la coalici\u00f3n 4T, 62 legisladores del PVEM y 47 del PT, junto con los 25 gobernadores de Morena.<\/p>\n\n\n\n<p class=\"p1 wp-block-paragraph\">En su mensaje, la mandataria destac\u00f3 los avances en salud, seguridad, econom\u00eda y educaci\u00f3n, y agradeci\u00f3 el apoyo de la ciudadan\u00eda, asegurando que los logros alcanzados son solo el inicio de su administraci\u00f3n. La multitud reunida en la plancha del Z\u00f3calo reafirm\u00f3 el respaldo popular hacia su proyecto de transformaci\u00f3n, convirtiendo el evento en una muestra de unidad entre el gobierno y el pueblo.<\/p>\n\n\n\n<figure class=\"wp-block-image size-large\"><img loading=\"lazy\" decoding=\"async\" width=\"1024\" height=\"682\" src=\"https:\/\/diarioavanzada.com.mx\/wp-content\/uploads\/2025\/01\/7bd561f5-29fd-40e5-abf6-355a0c7f0041-2-1-1024x682.jpg\" alt=\"\" class=\"wp-image-71159\" srcset=\"https:\/\/diarioavanzada.com.mx\/wp-content\/uploads\/2025\/01\/7bd561f5-29fd-40e5-abf6-355a0c7f0041-2-1-1024x682.jpg 1024w, https:\/\/diarioavanzada.com.mx\/wp-content\/uploads\/2025\/01\/7bd561f5-29fd-40e5-abf6-355a0c7f0041-2-1-300x200.jpg 300w, https:\/\/diarioavanzada.com.mx\/wp-content\/uploads\/2025\/01\/7bd561f5-29fd-40e5-abf6-355a0c7f0041-2-1-768x512.jpg 768w, https:\/\/diarioavanzada.com.mx\/wp-content\/uploads\/2025\/01\/7bd561f5-29fd-40e5-abf6-355a0c7f0041-2-1.jpg 1280w\" sizes=\"auto, (max-width: 1024px) 100vw, 1024px\" \/><\/figure>\n\n\n\n<figure class=\"wp-block-image size-large\"><img loading=\"lazy\" decoding=\"async\" width=\"1024\" height=\"682\" src=\"https:\/\/diarioavanzada.com.mx\/wp-content\/uploads\/2025\/01\/855c5041-b4fc-4503-b7c1-06d3e8c39b60-1-1024x682.jpg\" alt=\"\" class=\"wp-image-71160\" srcset=\"https:\/\/diarioavanzada.com.mx\/wp-content\/uploads\/2025\/01\/855c5041-b4fc-4503-b7c1-06d3e8c39b60-1-1024x682.jpg 1024w, https:\/\/diarioavanzada.com.mx\/wp-content\/uploads\/2025\/01\/855c5041-b4fc-4503-b7c1-06d3e8c39b60-1-300x200.jpg 300w, https:\/\/diarioavanzada.com.mx\/wp-content\/uploads\/2025\/01\/855c5041-b4fc-4503-b7c1-06d3e8c39b60-1-768x512.jpg 768w, https:\/\/diarioavanzada.com.mx\/wp-content\/uploads\/2025\/01\/855c5041-b4fc-4503-b7c1-06d3e8c39b60-1.jpg 1280w\" sizes=\"auto, (max-width: 1024px) 100vw, 1024px\" \/><\/figure>\n<div class=\"fb-background-color\">\n\t\t\t  <div \n\t\t\t  \tclass = \"fb-comments\" \n\t\t\t  \tdata-href = \"https:\/\/diarioavanzada.com.mx\/?p=71161\"\n\t\t\t  \tdata-numposts = \"10\"\n\t\t\t  \tdata-lazy = \"true\"\n\t\t\t\tdata-colorscheme = \"light\"\n\t\t\t\tdata-order-by = \"social\"\n\t\t\t\tdata-mobile=true>\n\t\t\t  <\/div><\/div>\n\t\t  <style>\n\t\t    .fb-background-color {\n\t\t\t\tbackground:  !important;\n\t\t\t}\n\t\t\t.fb_iframe_widget_fluid_desktop iframe {\n\t\t\t    width: 100% !important;\n\t\t\t}\n\t\t  <\/style>\n\t\t  ","protected":false},"excerpt":{"rendered":"<p>M\u00e9xico, Avanzada (12\/01\/2025).- La presidenta Claudia Sheinbaum ofreci\u00f3 este domingo un balance de sus primeros 100 d\u00edas de gobierno en un acto p\u00fablico realizado en el Z\u00f3calo de la Ciudad de M\u00e9xico, donde se dio un ba\u00f1o de pueblo al recibir el apoyo de miles de simpatizantes que se congregaron desde temprana hora, pese a [&hellip;]<\/p>\n","protected":false},"author":7,"featured_media":71163,"comment_status":"closed","ping_status":"closed","sticky":false,"template":"","format":"standard","meta":{"_coblocks_attr":"","_coblocks_dimensions":"","_coblocks_responsive_height":"","_coblocks_accordion_ie_support":"","_crdt_document":"","advanced_seo_description":"","jetpack_seo_html_title":"","jetpack_seo_noindex":false,"_jetpack_memberships_contains_paid_content":false,"footnotes":""},"categories":[22,7],"tags":[],"class_list":["post-71161","post","type-post","status-publish","format-standard","has-post-thumbnail","hentry","category-nacion","category-noticias"],"jetpack_featured_media_url":"https:\/\/diarioavanzada.com.mx\/wp-content\/uploads\/2025\/01\/img_2009-1.jpg","jetpack-related-posts":[],"jetpack_sharing_enabled":true,"amp_enabled":true,"_links":{"self":[{"href":"https:\/\/diarioavanzada.com.mx\/index.php?rest_route=\/wp\/v2\/posts\/71161","targetHints":{"allow":["GET"]}}],"collection":[{"href":"https:\/\/diarioavanzada.com.mx\/index.php?rest_route=\/wp\/v2\/posts"}],"about":[{"href":"https:\/\/diarioavanzada.com.mx\/index.php?rest_route=\/wp\/v2\/types\/post"}],"author":[{"embeddable":true,"href":"https:\/\/diarioavanzada.com.mx\/index.php?rest_route=\/wp\/v2\/users\/7"}],"replies":[{"embeddable":true,"href":"https:\/\/diarioavanzada.com.mx\/index.php?rest_route=%2Fwp%2Fv2%2Fcomments&post=71161"}],"version-history":[{"count":2,"href":"https:\/\/diarioavanzada.com.mx\/index.php?rest_route=\/wp\/v2\/posts\/71161\/revisions"}],"predecessor-version":[{"id":71164,"href":"https:\/\/diarioavanzada.com.mx\/index.php?rest_route=\/wp\/v2\/posts\/71161\/revisions\/71164"}],"wp:featuredmedia":[{"embeddable":true,"href":"https:\/\/diarioavanzada.com.mx\/index.php?rest_route=\/wp\/v2\/media\/71163"}],"wp:attachment":[{"href":"https:\/\/diarioavanzada.com.mx\/index.php?rest_route=%2Fwp%2Fv2%2Fmedia&parent=71161"}],"wp:term":[{"taxonomy":"category","embeddable":true,"href":"https:\/\/diarioavanzada.com.mx\/index.php?rest_route=%2Fwp%2Fv2%2Fcategories&post=71161"},{"taxonomy":"post_tag","embeddable":true,"href":"https:\/\/diarioavanzada.com.mx\/index.php?rest_route=%2Fwp%2Fv2%2Ftags&post=71161"}],"curies":[{"name":"wp","href":"https:\/\/api.w.org\/{rel}","templated":true}]}}