{"id":71155,"date":"2025-01-12T12:10:51","date_gmt":"2025-01-12T18:10:51","guid":{"rendered":"https:\/\/diarioavanzada.com.mx\/?p=71155"},"modified":"2025-01-12T12:14:22","modified_gmt":"2025-01-12T18:14:22","slug":"vinculan-a-proceso-a-cuatro-personas-por-secuestro-en-acapulco","status":"publish","type":"post","link":"https:\/\/diarioavanzada.com.mx\/?p=71155","title":{"rendered":"Vinculan a proceso a banda de secuestradores que operaba en Guerrero"},"content":{"rendered":"\n<p class=\"p1 wp-block-paragraph\">Guerrero, M\u00e9xico, Avanzada (12\/01\/2025).- Cuatro personas fueron vinculadas a proceso por su probable responsabilidad en el secuestro agravado de un veterinario en la colonia Costa Azul de Acapulco. La Fiscal\u00eda General del Estado de Guerrero (FGE) confirm\u00f3 que los imputados, identificados como Mois\u00e9s \u201cN\u201d, Rodolfo \u201cN\u201d, Roberto \u201cN\u201d y Abigail \u201cN\u201d, presuntos integrantes de una banda dedicada al secuestro, permanecer\u00e1n en prisi\u00f3n preventiva en el Centro de Reinserci\u00f3n Social de Chilpancingo.<\/p>\n\n\n\n<p class=\"p1 wp-block-paragraph\">De acuerdo con la investigaci\u00f3n, el 24 de octubre de 2024, la v\u00edctima fue privada de su libertad al salir de su negocio. Los presuntos secuestradores habr\u00edan exigido un rescate a su familia a cambio de su liberaci\u00f3n.<\/p>\n\n\n\n<p class=\"p1 wp-block-paragraph\">El pasado 10 de enero, los cuatro imputados fueron detenidos durante un operativo interinstitucional realizado por la FGE en coordinaci\u00f3n con la Secretar\u00eda de la Defensa Nacional (Sedena), la Guardia Nacional (GN), la Secretar\u00eda de Seguridad y Protecci\u00f3n Ciudadana (SSPC) y la Secretar\u00eda de Seguridad P\u00fablica de Guerrero (SSP Gro).<\/p>\n\n\n\n<p class=\"p1 wp-block-paragraph\">En la audiencia inicial, el Ministerio P\u00fablico present\u00f3 pruebas suficientes que llevaron a la jueza de control a dictar el auto de vinculaci\u00f3n a proceso, adem\u00e1s de establecer un plazo de cuatro meses para la investigaci\u00f3n complementaria.<\/p>\n\n\n\n<p class=\"p1 wp-block-paragraph\"><\/p>\n<div class=\"fb-background-color\">\n\t\t\t  <div \n\t\t\t  \tclass = \"fb-comments\" \n\t\t\t  \tdata-href = \"https:\/\/diarioavanzada.com.mx\/?p=71155\"\n\t\t\t  \tdata-numposts = \"10\"\n\t\t\t  \tdata-lazy = \"true\"\n\t\t\t\tdata-colorscheme = \"light\"\n\t\t\t\tdata-order-by = \"social\"\n\t\t\t\tdata-mobile=true>\n\t\t\t  <\/div><\/div>\n\t\t  <style>\n\t\t    .fb-background-color {\n\t\t\t\tbackground:  !important;\n\t\t\t}\n\t\t\t.fb_iframe_widget_fluid_desktop iframe {\n\t\t\t    width: 100% !important;\n\t\t\t}\n\t\t  <\/style>\n\t\t  ","protected":false},"excerpt":{"rendered":"<p>Guerrero, M\u00e9xico, Avanzada (12\/01\/2025).- Cuatro personas fueron vinculadas a proceso por su probable responsabilidad en el secuestro agravado de un veterinario en la colonia Costa Azul de Acapulco. La Fiscal\u00eda General del Estado de Guerrero (FGE) confirm\u00f3 que los imputados, identificados como Mois\u00e9s \u201cN\u201d, Rodolfo \u201cN\u201d, Roberto \u201cN\u201d y Abigail \u201cN\u201d, presuntos integrantes de una [&hellip;]<\/p>\n","protected":false},"author":7,"featured_media":71154,"comment_status":"closed","ping_status":"closed","sticky":false,"template":"","format":"standard","meta":{"_coblocks_attr":"","_coblocks_dimensions":"","_coblocks_responsive_height":"","_coblocks_accordion_ie_support":"","_crdt_document":"","advanced_seo_description":"","jetpack_seo_html_title":"","jetpack_seo_noindex":false,"_jetpack_memberships_contains_paid_content":false,"footnotes":""},"categories":[22,231],"tags":[],"class_list":["post-71155","post","type-post","status-publish","format-standard","has-post-thumbnail","hentry","category-nacion","category-seguridad"],"jetpack_featured_media_url":"https:\/\/diarioavanzada.com.mx\/wp-content\/uploads\/2025\/01\/img_0255-1.jpg","jetpack-related-posts":[],"jetpack_sharing_enabled":true,"amp_enabled":true,"_links":{"self":[{"href":"https:\/\/diarioavanzada.com.mx\/index.php?rest_route=\/wp\/v2\/posts\/71155","targetHints":{"allow":["GET"]}}],"collection":[{"href":"https:\/\/diarioavanzada.com.mx\/index.php?rest_route=\/wp\/v2\/posts"}],"about":[{"href":"https:\/\/diarioavanzada.com.mx\/index.php?rest_route=\/wp\/v2\/types\/post"}],"author":[{"embeddable":true,"href":"https:\/\/diarioavanzada.com.mx\/index.php?rest_route=\/wp\/v2\/users\/7"}],"replies":[{"embeddable":true,"href":"https:\/\/diarioavanzada.com.mx\/index.php?rest_route=%2Fwp%2Fv2%2Fcomments&post=71155"}],"version-history":[{"count":2,"href":"https:\/\/diarioavanzada.com.mx\/index.php?rest_route=\/wp\/v2\/posts\/71155\/revisions"}],"predecessor-version":[{"id":71157,"href":"https:\/\/diarioavanzada.com.mx\/index.php?rest_route=\/wp\/v2\/posts\/71155\/revisions\/71157"}],"wp:featuredmedia":[{"embeddable":true,"href":"https:\/\/diarioavanzada.com.mx\/index.php?rest_route=\/wp\/v2\/media\/71154"}],"wp:attachment":[{"href":"https:\/\/diarioavanzada.com.mx\/index.php?rest_route=%2Fwp%2Fv2%2Fmedia&parent=71155"}],"wp:term":[{"taxonomy":"category","embeddable":true,"href":"https:\/\/diarioavanzada.com.mx\/index.php?rest_route=%2Fwp%2Fv2%2Fcategories&post=71155"},{"taxonomy":"post_tag","embeddable":true,"href":"https:\/\/diarioavanzada.com.mx\/index.php?rest_route=%2Fwp%2Fv2%2Ftags&post=71155"}],"curies":[{"name":"wp","href":"https:\/\/api.w.org\/{rel}","templated":true}]}}