{"id":71072,"date":"2025-01-11T14:25:37","date_gmt":"2025-01-11T20:25:37","guid":{"rendered":"https:\/\/diarioavanzada.com.mx\/?p=71072"},"modified":"2025-01-11T14:25:37","modified_gmt":"2025-01-11T20:25:37","slug":"el-adios-a-asli-fernandez-la-influencer-que-buscaba-recuperar-su-figura","status":"publish","type":"post","link":"https:\/\/diarioavanzada.com.mx\/?p=71072","title":{"rendered":"El adi\u00f3s a Asli Fern\u00e1ndez, la influencer que buscaba recuperar su figura"},"content":{"rendered":"\n<p class=\"p1 wp-block-paragraph\">Tijuana, M\u00e9xico, Avanzada (11\/01\/2025).- Bajo el cielo gris de Tijuana, la ciudad a\u00fan no asimila la partida repentina de Asli Fern\u00e1ndez, una joven madre de 29 a\u00f1os que encontr\u00f3 fama y comunidad en las redes sociales, donde compart\u00eda su vida, sus consejos de belleza y el desaf\u00edo de equilibrar la maternidad con el amor propio.<\/p>\n\n\n\n<p class=\"p1 wp-block-paragraph\">Era madre e inspiraci\u00f3n para miles de seguidores, y ten\u00eda sue\u00f1os que parec\u00edan ilimitados. Pero esa historia se detuvo inesperadamente tras someterse a un procedimiento est\u00e9tico conocido como \u201cmommy makeover\u201d (MMO), popular entre mujeres que desean recuperar su figura despu\u00e9s de la maternidad.<\/p>\n\n\n\n<p class=\"p1 wp-block-paragraph\">El d\u00eda en que ingres\u00f3 al hospital Medical del R\u00edo, Asli buscaba no solo un cambio f\u00edsico, sino la reafirmaci\u00f3n de su identidad en una sociedad que muchas veces exige perfecci\u00f3n. Sin embargo, algo sali\u00f3 mal. La cirug\u00eda no se complet\u00f3 como estaba planeado. Seg\u00fan su esposo, Christian Carre\u00f3n, la causa de muerte reportada por el hospital fue una presunta trombosis. La familia, sin embargo, se\u00f1ala irregularidades: la falta de informaci\u00f3n precisa, el aparente intento del hospital de evadir la intervenci\u00f3n del Servicio M\u00e9dico Forense y una serie de preguntas sin respuesta.<\/p>\n\n\n\n<p class=\"p1 wp-block-paragraph\">El eco de esta tragedia moviliz\u00f3 a las autoridades. La Comisi\u00f3n Estatal para la Protecci\u00f3n contra Riesgos Sanitarios y la Fiscal\u00eda General del Estado clausuraron los quir\u00f3fanos del hospital, ubicado en una zona de alta demanda para cirug\u00edas est\u00e9ticas. Ahora, se investiga si el personal m\u00e9dico estaba capacitado y si las instalaciones cumpl\u00edan con los requisitos necesarios para realizar procedimientos de alto riesgo.<\/p>\n\n\n\n<p class=\"p1 wp-block-paragraph\">Las redes sociales, donde Asli compart\u00eda su vida, hoy est\u00e1n llenas de mensajes de dolor y solidaridad. Sus seguidores recuerdan a la mujer que siempre mostraba autenticidad, incluso en un mundo digital donde la apariencia muchas veces lo es todo.<\/p>\n\n\n\n<p class=\"p1 wp-block-paragraph\">Asli Fern\u00e1ndez deja un vac\u00edo profundo no solo en su familia, sino en una comunidad virtual que la ve\u00eda como un s\u00edmbolo de fortaleza. Su historia, marcada ahora por una tragedia que muchos cuestionan y lamentan, se convierte en una llamada urgente para revisar la seguridad y \u00e9tica detr\u00e1s de la industria est\u00e9tica, que cada vez atrae a m\u00e1s mujeres en busca de su mejor versi\u00f3n.<\/p>\n\n\n\n<p class=\"wp-block-paragraph\"><\/p>\n<div class=\"fb-background-color\">\n\t\t\t  <div \n\t\t\t  \tclass = \"fb-comments\" \n\t\t\t  \tdata-href = \"https:\/\/diarioavanzada.com.mx\/?p=71072\"\n\t\t\t  \tdata-numposts = \"10\"\n\t\t\t  \tdata-lazy = \"true\"\n\t\t\t\tdata-colorscheme = \"light\"\n\t\t\t\tdata-order-by = \"social\"\n\t\t\t\tdata-mobile=true>\n\t\t\t  <\/div><\/div>\n\t\t  <style>\n\t\t    .fb-background-color {\n\t\t\t\tbackground:  !important;\n\t\t\t}\n\t\t\t.fb_iframe_widget_fluid_desktop iframe {\n\t\t\t    width: 100% !important;\n\t\t\t}\n\t\t  <\/style>\n\t\t  ","protected":false},"excerpt":{"rendered":"<p>Tijuana, M\u00e9xico, Avanzada (11\/01\/2025).- Bajo el cielo gris de Tijuana, la ciudad a\u00fan no asimila la partida repentina de Asli Fern\u00e1ndez, una joven madre de 29 a\u00f1os que encontr\u00f3 fama y comunidad en las redes sociales, donde compart\u00eda su vida, sus consejos de belleza y el desaf\u00edo de equilibrar la maternidad con el amor propio. [&hellip;]<\/p>\n","protected":false},"author":7,"featured_media":71071,"comment_status":"closed","ping_status":"closed","sticky":false,"template":"","format":"standard","meta":{"_coblocks_attr":"","_coblocks_dimensions":"","_coblocks_responsive_height":"","_coblocks_accordion_ie_support":"","_crdt_document":"","advanced_seo_description":"","jetpack_seo_html_title":"","jetpack_seo_noindex":false,"_jetpack_memberships_contains_paid_content":false,"footnotes":""},"categories":[22,7,231],"tags":[],"class_list":["post-71072","post","type-post","status-publish","format-standard","has-post-thumbnail","hentry","category-nacion","category-noticias","category-seguridad"],"jetpack_featured_media_url":"https:\/\/diarioavanzada.com.mx\/wp-content\/uploads\/2025\/01\/img_6410-1.jpg","jetpack-related-posts":[],"jetpack_sharing_enabled":true,"amp_enabled":true,"_links":{"self":[{"href":"https:\/\/diarioavanzada.com.mx\/index.php?rest_route=\/wp\/v2\/posts\/71072","targetHints":{"allow":["GET"]}}],"collection":[{"href":"https:\/\/diarioavanzada.com.mx\/index.php?rest_route=\/wp\/v2\/posts"}],"about":[{"href":"https:\/\/diarioavanzada.com.mx\/index.php?rest_route=\/wp\/v2\/types\/post"}],"author":[{"embeddable":true,"href":"https:\/\/diarioavanzada.com.mx\/index.php?rest_route=\/wp\/v2\/users\/7"}],"replies":[{"embeddable":true,"href":"https:\/\/diarioavanzada.com.mx\/index.php?rest_route=%2Fwp%2Fv2%2Fcomments&post=71072"}],"version-history":[{"count":1,"href":"https:\/\/diarioavanzada.com.mx\/index.php?rest_route=\/wp\/v2\/posts\/71072\/revisions"}],"predecessor-version":[{"id":71074,"href":"https:\/\/diarioavanzada.com.mx\/index.php?rest_route=\/wp\/v2\/posts\/71072\/revisions\/71074"}],"wp:featuredmedia":[{"embeddable":true,"href":"https:\/\/diarioavanzada.com.mx\/index.php?rest_route=\/wp\/v2\/media\/71071"}],"wp:attachment":[{"href":"https:\/\/diarioavanzada.com.mx\/index.php?rest_route=%2Fwp%2Fv2%2Fmedia&parent=71072"}],"wp:term":[{"taxonomy":"category","embeddable":true,"href":"https:\/\/diarioavanzada.com.mx\/index.php?rest_route=%2Fwp%2Fv2%2Fcategories&post=71072"},{"taxonomy":"post_tag","embeddable":true,"href":"https:\/\/diarioavanzada.com.mx\/index.php?rest_route=%2Fwp%2Fv2%2Ftags&post=71072"}],"curies":[{"name":"wp","href":"https:\/\/api.w.org\/{rel}","templated":true}]}}