{"id":71051,"date":"2025-01-11T12:30:00","date_gmt":"2025-01-11T18:30:00","guid":{"rendered":"https:\/\/diarioavanzada.com.mx\/?p=71051"},"modified":"2025-01-11T12:30:00","modified_gmt":"2025-01-11T18:30:00","slug":"el-fiscal-gertz-manero-evita-confirmar-la-presunta-muerte-de-el-mencho","status":"publish","type":"post","link":"https:\/\/diarioavanzada.com.mx\/?p=71051","title":{"rendered":"El fiscal Gertz Manero evita confirmar la presunta muerte de \u201cEl Mencho\u201d"},"content":{"rendered":"\n<p class=\"p1 wp-block-paragraph\">M\u00e9xico, Avanzada (11\/01\/2025).- En medio de rumores que han circulado en diversos medios de comunicaci\u00f3n, el fiscal general de la Rep\u00fablica, Alejandro Gertz Manero, fue cuestionado sobre la posible muerte de Nemesio Oseguera Cervantes, alias \u201cEl Mencho\u201d, l\u00edder del C\u00e1rtel Jalisco Nueva Generaci\u00f3n (CJNG). Durante una conferencia, el fiscal se mostr\u00f3 cauto y evit\u00f3 confirmar dicha informaci\u00f3n.<\/p>\n\n\n\n<p class=\"p1 wp-block-paragraph\">Al ser interrogado directamente sobre si pod\u00eda confirmar la muerte de Oseguera, presuntamente causada por complicaciones de una enfermedad renal, Gertz Manero respondi\u00f3: \u201cNosotros no podemos dar m\u00e1s informaci\u00f3n que la que depende de las denuncias que nos presenten. En el momento en que haya una denuncia sobre eso, con much\u00edsimo gusto le doy la informaci\u00f3n\u201d. Ante la insistencia de los reporteros sobre si exist\u00eda alg\u00fan dato oficial, el fiscal reiter\u00f3 que, de recibir informaci\u00f3n o una denuncia formal, esta ser\u00eda dada a conocer de manera inmediata.<\/p>\n\n\n\n<p class=\"p1 wp-block-paragraph\">Los rumores sobre el fallecimiento de \u201cEl Mencho\u201d cobraron fuerza luego de que el periodista Ricardo Ravelo, en entrevista con Julio Astillero, mencionara que un agente de la Agencia Antidrogas de Estados Unidos (DEA) le hab\u00eda revelado detalles sobre el caso. Seg\u00fan Ravelo, el agente asegur\u00f3 que la DEA sigui\u00f3 a la abuela del l\u00edder criminal y observ\u00f3 c\u00f3mo la mujer instal\u00f3 un altar con veladoras, una fotograf\u00eda de Oseguera, un Cristo y flores en su honor. No obstante, el mismo agente indic\u00f3 que no pudieron confirmar si el cuerpo de \u201cEl Mencho\u201d fue enterrado o incinerado, dejando abierta la posibilidad de su muerte con un 70% de probabilidad, seg\u00fan sus estimaciones.<\/p>\n\n\n\n<p class=\"p1 wp-block-paragraph\">Hasta ahora, no existe una declaraci\u00f3n oficial que respalde la versi\u00f3n de la muerte de Nemesio Oseguera, considerado uno de los capos m\u00e1s buscados en M\u00e9xico y por quien el gobierno de Estados Unidos ofrece una recompensa de 300 millones de pesos.<\/p>\n<div class=\"fb-background-color\">\n\t\t\t  <div \n\t\t\t  \tclass = \"fb-comments\" \n\t\t\t  \tdata-href = \"https:\/\/diarioavanzada.com.mx\/?p=71051\"\n\t\t\t  \tdata-numposts = \"10\"\n\t\t\t  \tdata-lazy = \"true\"\n\t\t\t\tdata-colorscheme = \"light\"\n\t\t\t\tdata-order-by = \"social\"\n\t\t\t\tdata-mobile=true>\n\t\t\t  <\/div><\/div>\n\t\t  <style>\n\t\t    .fb-background-color {\n\t\t\t\tbackground:  !important;\n\t\t\t}\n\t\t\t.fb_iframe_widget_fluid_desktop iframe {\n\t\t\t    width: 100% !important;\n\t\t\t}\n\t\t  <\/style>\n\t\t  ","protected":false},"excerpt":{"rendered":"<p>M\u00e9xico, Avanzada (11\/01\/2025).- En medio de rumores que han circulado en diversos medios de comunicaci\u00f3n, el fiscal general de la Rep\u00fablica, Alejandro Gertz Manero, fue cuestionado sobre la posible muerte de Nemesio Oseguera Cervantes, alias \u201cEl Mencho\u201d, l\u00edder del C\u00e1rtel Jalisco Nueva Generaci\u00f3n (CJNG). Durante una conferencia, el fiscal se mostr\u00f3 cauto y evit\u00f3 confirmar [&hellip;]<\/p>\n","protected":false},"author":7,"featured_media":71050,"comment_status":"closed","ping_status":"closed","sticky":false,"template":"","format":"standard","meta":{"_coblocks_attr":"","_coblocks_dimensions":"","_coblocks_responsive_height":"","_coblocks_accordion_ie_support":"","_crdt_document":"","advanced_seo_description":"","jetpack_seo_html_title":"","jetpack_seo_noindex":false,"_jetpack_memberships_contains_paid_content":false,"footnotes":""},"categories":[22,231],"tags":[],"class_list":["post-71051","post","type-post","status-publish","format-standard","has-post-thumbnail","hentry","category-nacion","category-seguridad"],"jetpack_featured_media_url":"https:\/\/diarioavanzada.com.mx\/wp-content\/uploads\/2025\/01\/img_0247-1.png","jetpack-related-posts":[],"jetpack_sharing_enabled":true,"amp_enabled":true,"_links":{"self":[{"href":"https:\/\/diarioavanzada.com.mx\/index.php?rest_route=\/wp\/v2\/posts\/71051","targetHints":{"allow":["GET"]}}],"collection":[{"href":"https:\/\/diarioavanzada.com.mx\/index.php?rest_route=\/wp\/v2\/posts"}],"about":[{"href":"https:\/\/diarioavanzada.com.mx\/index.php?rest_route=\/wp\/v2\/types\/post"}],"author":[{"embeddable":true,"href":"https:\/\/diarioavanzada.com.mx\/index.php?rest_route=\/wp\/v2\/users\/7"}],"replies":[{"embeddable":true,"href":"https:\/\/diarioavanzada.com.mx\/index.php?rest_route=%2Fwp%2Fv2%2Fcomments&post=71051"}],"version-history":[{"count":0,"href":"https:\/\/diarioavanzada.com.mx\/index.php?rest_route=\/wp\/v2\/posts\/71051\/revisions"}],"wp:featuredmedia":[{"embeddable":true,"href":"https:\/\/diarioavanzada.com.mx\/index.php?rest_route=\/wp\/v2\/media\/71050"}],"wp:attachment":[{"href":"https:\/\/diarioavanzada.com.mx\/index.php?rest_route=%2Fwp%2Fv2%2Fmedia&parent=71051"}],"wp:term":[{"taxonomy":"category","embeddable":true,"href":"https:\/\/diarioavanzada.com.mx\/index.php?rest_route=%2Fwp%2Fv2%2Fcategories&post=71051"},{"taxonomy":"post_tag","embeddable":true,"href":"https:\/\/diarioavanzada.com.mx\/index.php?rest_route=%2Fwp%2Fv2%2Ftags&post=71051"}],"curies":[{"name":"wp","href":"https:\/\/api.w.org\/{rel}","templated":true}]}}