{"id":71049,"date":"2025-01-11T14:19:20","date_gmt":"2025-01-11T20:19:20","guid":{"rendered":"https:\/\/diarioavanzada.com.mx\/?p=71049"},"modified":"2025-01-11T14:19:20","modified_gmt":"2025-01-11T20:19:20","slug":"natanael-cano-responde-con-burla-a-amenazas-de-grupo-criminal-en-sonora","status":"publish","type":"post","link":"https:\/\/diarioavanzada.com.mx\/?p=71049","title":{"rendered":"Natanael Cano responde con burla a amenazas de grupo criminal en Sonora"},"content":{"rendered":"\n<p class=\"p1 wp-block-paragraph\">Sonora, M\u00e9xico, Avanzada (11\/01\/2025).- Tras recibir amenazas de muerte por parte del grupo criminal \u201cLos Matasalas\u201d, el cantante de corridos tumbados Natanael Cano se encuentra bajo medidas cautelares emitidas por la Fiscal\u00eda de Sonora. La situaci\u00f3n se desat\u00f3 luego del hallazgo de una manta intimidatoria en un plantel del Cecytes en Hermosillo, el pasado 6 de enero.<\/p>\n\n\n\n<p class=\"p1 wp-block-paragraph\">La manta, presuntamente firmada por una c\u00e9lula vinculada a \u201cLos Chapitos\u201d, acusaba a Cano y a otros artistas de apoyar econ\u00f3micamente a la facci\u00f3n rival \u201cLos Salazar\u201d. El mensaje advert\u00eda que, de persistir ese supuesto respaldo, ser\u00edan \u201cfusilados\u201d.<\/p>\n\n\n\n<p class=\"p1 wp-block-paragraph\">El titular de la Fiscal\u00eda, Gustavo Sala, inform\u00f3 que las autoridades trabajan para identificar a los responsables y garantizar la seguridad de los se\u00f1alados. \u201cLas medidas de protecci\u00f3n no solo se aplican a Natanael Cano, sino tambi\u00e9n a otros artistas mencionados en las amenazas\u201d, declar\u00f3.<\/p>\n\n\n\n<p class=\"p1 wp-block-paragraph\">Sin embargo, el cantante originario de Hermosillo mostr\u00f3 una actitud despreocupada en sus redes sociales. Cano public\u00f3 una imagen en Instagram donde aparecen dos frazadas con su rostro estampado, acompa\u00f1ada del texto: \u201cLas \u00fanicas mantitas que me preocupan ahorita\u201d seguido de un emotic\u00f3n riendo. Tambi\u00e9n agreg\u00f3: (\u00bfY si calentar\u00e1n?). Como fondo musical de la publicaci\u00f3n sonaba su canci\u00f3n \u201cAFS\u201d, la cual hace referencia al grupo \u201cLos Salazar\u201d.<\/p>\n\n\n\n<p class=\"p1 wp-block-paragraph\">Hasta el momento, el int\u00e9rprete no dio declaraciones oficiales sobre el tema, pero su equipo confirm\u00f3 que est\u00e1n colaborando con las autoridades para esclarecer los hechos.<\/p>\n\n\n\n<p class=\"wp-block-paragraph\"><\/p>\n<div class=\"fb-background-color\">\n\t\t\t  <div \n\t\t\t  \tclass = \"fb-comments\" \n\t\t\t  \tdata-href = \"https:\/\/diarioavanzada.com.mx\/?p=71049\"\n\t\t\t  \tdata-numposts = \"10\"\n\t\t\t  \tdata-lazy = \"true\"\n\t\t\t\tdata-colorscheme = \"light\"\n\t\t\t\tdata-order-by = \"social\"\n\t\t\t\tdata-mobile=true>\n\t\t\t  <\/div><\/div>\n\t\t  <style>\n\t\t    .fb-background-color {\n\t\t\t\tbackground:  !important;\n\t\t\t}\n\t\t\t.fb_iframe_widget_fluid_desktop iframe {\n\t\t\t    width: 100% !important;\n\t\t\t}\n\t\t  <\/style>\n\t\t  ","protected":false},"excerpt":{"rendered":"<p>Sonora, M\u00e9xico, Avanzada (11\/01\/2025).- Tras recibir amenazas de muerte por parte del grupo criminal \u201cLos Matasalas\u201d, el cantante de corridos tumbados Natanael Cano se encuentra bajo medidas cautelares emitidas por la Fiscal\u00eda de Sonora. La situaci\u00f3n se desat\u00f3 luego del hallazgo de una manta intimidatoria en un plantel del Cecytes en Hermosillo, el pasado 6 [&hellip;]<\/p>\n","protected":false},"author":7,"featured_media":71048,"comment_status":"closed","ping_status":"closed","sticky":false,"template":"","format":"standard","meta":{"_coblocks_attr":"","_coblocks_dimensions":"","_coblocks_responsive_height":"","_coblocks_accordion_ie_support":"","_crdt_document":"","advanced_seo_description":"","jetpack_seo_html_title":"","jetpack_seo_noindex":false,"_jetpack_memberships_contains_paid_content":false,"footnotes":""},"categories":[22,7],"tags":[],"class_list":["post-71049","post","type-post","status-publish","format-standard","has-post-thumbnail","hentry","category-nacion","category-noticias"],"jetpack_featured_media_url":"https:\/\/diarioavanzada.com.mx\/wp-content\/uploads\/2025\/01\/img_6401-1.jpg","jetpack-related-posts":[],"jetpack_sharing_enabled":true,"amp_enabled":true,"_links":{"self":[{"href":"https:\/\/diarioavanzada.com.mx\/index.php?rest_route=\/wp\/v2\/posts\/71049","targetHints":{"allow":["GET"]}}],"collection":[{"href":"https:\/\/diarioavanzada.com.mx\/index.php?rest_route=\/wp\/v2\/posts"}],"about":[{"href":"https:\/\/diarioavanzada.com.mx\/index.php?rest_route=\/wp\/v2\/types\/post"}],"author":[{"embeddable":true,"href":"https:\/\/diarioavanzada.com.mx\/index.php?rest_route=\/wp\/v2\/users\/7"}],"replies":[{"embeddable":true,"href":"https:\/\/diarioavanzada.com.mx\/index.php?rest_route=%2Fwp%2Fv2%2Fcomments&post=71049"}],"version-history":[{"count":1,"href":"https:\/\/diarioavanzada.com.mx\/index.php?rest_route=\/wp\/v2\/posts\/71049\/revisions"}],"predecessor-version":[{"id":71073,"href":"https:\/\/diarioavanzada.com.mx\/index.php?rest_route=\/wp\/v2\/posts\/71049\/revisions\/71073"}],"wp:featuredmedia":[{"embeddable":true,"href":"https:\/\/diarioavanzada.com.mx\/index.php?rest_route=\/wp\/v2\/media\/71048"}],"wp:attachment":[{"href":"https:\/\/diarioavanzada.com.mx\/index.php?rest_route=%2Fwp%2Fv2%2Fmedia&parent=71049"}],"wp:term":[{"taxonomy":"category","embeddable":true,"href":"https:\/\/diarioavanzada.com.mx\/index.php?rest_route=%2Fwp%2Fv2%2Fcategories&post=71049"},{"taxonomy":"post_tag","embeddable":true,"href":"https:\/\/diarioavanzada.com.mx\/index.php?rest_route=%2Fwp%2Fv2%2Ftags&post=71049"}],"curies":[{"name":"wp","href":"https:\/\/api.w.org\/{rel}","templated":true}]}}