{"id":71012,"date":"2025-01-11T06:30:46","date_gmt":"2025-01-11T12:30:46","guid":{"rendered":"https:\/\/diarioavanzada.com.mx\/?p=71012"},"modified":"2025-01-11T06:30:46","modified_gmt":"2025-01-11T12:30:46","slug":"se-busca-julio-desaparecio-en-tecoman","status":"publish","type":"post","link":"https:\/\/diarioavanzada.com.mx\/?p=71012","title":{"rendered":"Se busca: Julio desapareci\u00f3 en Tecom\u00e1n"},"content":{"rendered":"\n<p class=\"wp-block-paragraph\">Colima, Mexico, Avanzada (11\/01\/2025).- \ufffcLa Comisi\u00f3n de B\u00fasqueda de Personas del Estado de Colima solicita la colaboraci\u00f3n de la ciudadan\u00eda para localizar a Julio Alejandro Baltazar L\u00f3pez, quien desapareci\u00f3 en el municipio de Tecom\u00e1n el 28 de enero de 2018, cuando ten\u00eda 16 a\u00f1os.<\/p>\n\n\n\n<p class=\"wp-block-paragraph\">Julio Alejandro mide 1.70 metros de estatura, tiene el cabello ondulado de color casta\u00f1o oscuro, ojos color caf\u00e9 claro, una nariz mediana y un rostro afilado. Como se\u00f1as particulares, presenta una cicatriz de aproximadamente 2 cm en el lado izquierdo del cr\u00e1neo y un mezquino en el antebrazo derecho.<\/p>\n\n\n\n<p class=\"wp-block-paragraph\">El d\u00eda de su desaparici\u00f3n vest\u00eda una camisa tipo polo, talla chica, de color roja con una franja blanca que iba desde el hombro hacia la cintura; short tipo surf talla 30 con figuras peque\u00f1as de color oscuro; calcetines y tenis tipo vans de color negro.<\/p>\n\n\n\n<p class=\"wp-block-paragraph\">La desaparici\u00f3n de Julio Alejandro fue reportada el 18 de mayo de 2021. Cualquier informaci\u00f3n que permita dar con su paradero puede proporcionarse al tel\u00e9fono 312 131 3809 de la Comisi\u00f3n de B\u00fasqueda de Personas del Estado de Colima.<\/p>\n\n\n\n<p class=\"wp-block-paragraph\">El apoyo de la sociedad es crucial para encontrarlo y brindar respuestas a su familia.<\/p>\n\n\n\n<figure class=\"wp-block-image size-large\"><img loading=\"lazy\" decoding=\"async\" width=\"940\" height=\"788\" src=\"https:\/\/diarioavanzada.com.mx\/wp-content\/uploads\/2025\/01\/9471b6e4-07a9-4b54-b4d8-4bb8f12101f1-1.jpg\" class=\"wp-image-71010\" srcset=\"https:\/\/diarioavanzada.com.mx\/wp-content\/uploads\/2025\/01\/9471b6e4-07a9-4b54-b4d8-4bb8f12101f1-1.jpg 940w, https:\/\/diarioavanzada.com.mx\/wp-content\/uploads\/2025\/01\/9471b6e4-07a9-4b54-b4d8-4bb8f12101f1-1-300x251.jpg 300w, https:\/\/diarioavanzada.com.mx\/wp-content\/uploads\/2025\/01\/9471b6e4-07a9-4b54-b4d8-4bb8f12101f1-1-768x644.jpg 768w\" sizes=\"auto, (max-width: 940px) 100vw, 940px\" \/><\/figure>\n<div class=\"fb-background-color\">\n\t\t\t  <div \n\t\t\t  \tclass = \"fb-comments\" \n\t\t\t  \tdata-href = \"https:\/\/diarioavanzada.com.mx\/?p=71012\"\n\t\t\t  \tdata-numposts = \"10\"\n\t\t\t  \tdata-lazy = \"true\"\n\t\t\t\tdata-colorscheme = \"light\"\n\t\t\t\tdata-order-by = \"social\"\n\t\t\t\tdata-mobile=true>\n\t\t\t  <\/div><\/div>\n\t\t  <style>\n\t\t    .fb-background-color {\n\t\t\t\tbackground:  !important;\n\t\t\t}\n\t\t\t.fb_iframe_widget_fluid_desktop iframe {\n\t\t\t    width: 100% !important;\n\t\t\t}\n\t\t  <\/style>\n\t\t  ","protected":false},"excerpt":{"rendered":"<p>Colima, Mexico, Avanzada (11\/01\/2025).- \ufffcLa Comisi\u00f3n de B\u00fasqueda de Personas del Estado de Colima solicita la colaboraci\u00f3n de la ciudadan\u00eda para localizar a Julio Alejandro Baltazar L\u00f3pez, quien desapareci\u00f3 en el municipio de Tecom\u00e1n el 28 de enero de 2018, cuando ten\u00eda 16 a\u00f1os. Julio Alejandro mide 1.70 metros de estatura, tiene el cabello ondulado [&hellip;]<\/p>\n","protected":false},"author":7,"featured_media":71011,"comment_status":"closed","ping_status":"closed","sticky":false,"template":"","format":"standard","meta":{"_coblocks_attr":"","_coblocks_dimensions":"","_coblocks_responsive_height":"","_coblocks_accordion_ie_support":"","_crdt_document":"","advanced_seo_description":"","jetpack_seo_html_title":"","jetpack_seo_noindex":false,"_jetpack_memberships_contains_paid_content":false,"footnotes":""},"categories":[19,209,231],"tags":[],"class_list":["post-71012","post","type-post","status-publish","format-standard","has-post-thumbnail","hentry","category-colima","category-importantes","category-seguridad"],"jetpack_featured_media_url":"https:\/\/diarioavanzada.com.mx\/wp-content\/uploads\/2025\/01\/img_3193-1.jpg","jetpack-related-posts":[],"jetpack_sharing_enabled":true,"amp_enabled":true,"_links":{"self":[{"href":"https:\/\/diarioavanzada.com.mx\/index.php?rest_route=\/wp\/v2\/posts\/71012","targetHints":{"allow":["GET"]}}],"collection":[{"href":"https:\/\/diarioavanzada.com.mx\/index.php?rest_route=\/wp\/v2\/posts"}],"about":[{"href":"https:\/\/diarioavanzada.com.mx\/index.php?rest_route=\/wp\/v2\/types\/post"}],"author":[{"embeddable":true,"href":"https:\/\/diarioavanzada.com.mx\/index.php?rest_route=\/wp\/v2\/users\/7"}],"replies":[{"embeddable":true,"href":"https:\/\/diarioavanzada.com.mx\/index.php?rest_route=%2Fwp%2Fv2%2Fcomments&post=71012"}],"version-history":[{"count":0,"href":"https:\/\/diarioavanzada.com.mx\/index.php?rest_route=\/wp\/v2\/posts\/71012\/revisions"}],"wp:featuredmedia":[{"embeddable":true,"href":"https:\/\/diarioavanzada.com.mx\/index.php?rest_route=\/wp\/v2\/media\/71011"}],"wp:attachment":[{"href":"https:\/\/diarioavanzada.com.mx\/index.php?rest_route=%2Fwp%2Fv2%2Fmedia&parent=71012"}],"wp:term":[{"taxonomy":"category","embeddable":true,"href":"https:\/\/diarioavanzada.com.mx\/index.php?rest_route=%2Fwp%2Fv2%2Fcategories&post=71012"},{"taxonomy":"post_tag","embeddable":true,"href":"https:\/\/diarioavanzada.com.mx\/index.php?rest_route=%2Fwp%2Fv2%2Ftags&post=71012"}],"curies":[{"name":"wp","href":"https:\/\/api.w.org\/{rel}","templated":true}]}}