{"id":70978,"date":"2025-01-10T18:48:05","date_gmt":"2025-01-11T00:48:05","guid":{"rendered":"https:\/\/diarioavanzada.com.mx\/?p=70978"},"modified":"2025-01-10T18:50:50","modified_gmt":"2025-01-11T00:50:50","slug":"rector-destaca-el-papel-de-la-acu-en-el-desarrollo-de-la-udec","status":"publish","type":"post","link":"https:\/\/diarioavanzada.com.mx\/?p=70978","title":{"rendered":"Rector destaca el papel de la ACU&nbsp;en el desarrollo de la UdeC"},"content":{"rendered":"\n<p class=\"wp-block-paragraph\"><em>Durante la ceremonia de partida de rosca de reyes, el rector Christian Torres les asegur\u00f3 el respaldo de la UdeC.<\/em><\/p>\n\n\n\n<p class=\"wp-block-paragraph\">Colima, M\u00e9xico, Avanzada (10\/01\/2025).- En un ambiente de celebraci\u00f3n y amistad, el rector de la Universidad de Colima, Christian Torres Ortiz Zerme\u00f1o comparti\u00f3 la tradicional Rosca de Reyes con las integrantes de la Asociaci\u00f3n Colimense de Universitarias (ACU).<\/p>\n\n\n\n<p class=\"wp-block-paragraph\">Durante su visita a la sede esta agrupaci\u00f3n y en compa\u00f1\u00eda de su esposa Blanca Liliana D\u00edaz V\u00e1zquez, presidenta del Voluntariado Universitario, expres\u00f3 su mensaje de buenos deseos en este a\u00f1o que inicia: \u201cQue todos sus proyectos y prop\u00f3sitos personales y familiares se realicen de la mejor manera\u201d, les dijo.<\/p>\n\n\n\n<p class=\"wp-block-paragraph\">Adem\u00e1s, enfatiz\u00f3 que en el entorno de su gesti\u00f3n rectoral, la Asociaci\u00f3n Colimense de Universitarias ha cooperado en muchos de los proyectos institucionales.<\/p>\n\n\n\n<p class=\"wp-block-paragraph\">De igual manera, agradeci\u00f3 la participaci\u00f3n en los nuevos proyectos que se tienen contemplados en su segundo periodo como rector, y destac\u00f3 que la ACU cuenta con todo el respaldo y apoyo en la UdeC.<\/p>\n\n\n\n<p class=\"wp-block-paragraph\">Por \u00faltimo, Adriana Isabel Andrade S\u00e1nchez, presidenta de la ACU, agradeci\u00f3 el apoyo institucional que les ayuda al cumplimiento de sus prop\u00f3sitos y dijo que la ACU contribuir\u00e1 de manera importante al desarrollo institucional.<\/p>\n\n\n\n<figure class=\"wp-block-image size-large\"><img loading=\"lazy\" decoding=\"async\" width=\"1024\" height=\"681\" src=\"https:\/\/diarioavanzada.com.mx\/wp-content\/uploads\/2025\/01\/Destaca-rector-papel-de-la-ACU-en-el-desarrollo-de-la-UdeC_c-1024x681.jpg\" alt=\"\" class=\"wp-image-70979\" srcset=\"https:\/\/diarioavanzada.com.mx\/wp-content\/uploads\/2025\/01\/Destaca-rector-papel-de-la-ACU-en-el-desarrollo-de-la-UdeC_c-1024x681.jpg 1024w, https:\/\/diarioavanzada.com.mx\/wp-content\/uploads\/2025\/01\/Destaca-rector-papel-de-la-ACU-en-el-desarrollo-de-la-UdeC_c-300x200.jpg 300w, https:\/\/diarioavanzada.com.mx\/wp-content\/uploads\/2025\/01\/Destaca-rector-papel-de-la-ACU-en-el-desarrollo-de-la-UdeC_c-768x511.jpg 768w, https:\/\/diarioavanzada.com.mx\/wp-content\/uploads\/2025\/01\/Destaca-rector-papel-de-la-ACU-en-el-desarrollo-de-la-UdeC_c-1200x798.jpg 1200w, https:\/\/diarioavanzada.com.mx\/wp-content\/uploads\/2025\/01\/Destaca-rector-papel-de-la-ACU-en-el-desarrollo-de-la-UdeC_c.jpg 1225w\" sizes=\"auto, (max-width: 1024px) 100vw, 1024px\" \/><\/figure>\n\n\n\n<figure class=\"wp-block-image size-large\"><img loading=\"lazy\" decoding=\"async\" width=\"1024\" height=\"681\" src=\"https:\/\/diarioavanzada.com.mx\/wp-content\/uploads\/2025\/01\/Destaca-rector-papel-de-la-ACU-en-el-desarrollo-de-la-UdeC_d-1024x681.jpg\" alt=\"\" class=\"wp-image-70980\" srcset=\"https:\/\/diarioavanzada.com.mx\/wp-content\/uploads\/2025\/01\/Destaca-rector-papel-de-la-ACU-en-el-desarrollo-de-la-UdeC_d-1024x681.jpg 1024w, https:\/\/diarioavanzada.com.mx\/wp-content\/uploads\/2025\/01\/Destaca-rector-papel-de-la-ACU-en-el-desarrollo-de-la-UdeC_d-300x200.jpg 300w, https:\/\/diarioavanzada.com.mx\/wp-content\/uploads\/2025\/01\/Destaca-rector-papel-de-la-ACU-en-el-desarrollo-de-la-UdeC_d-768x511.jpg 768w, https:\/\/diarioavanzada.com.mx\/wp-content\/uploads\/2025\/01\/Destaca-rector-papel-de-la-ACU-en-el-desarrollo-de-la-UdeC_d-1200x798.jpg 1200w, https:\/\/diarioavanzada.com.mx\/wp-content\/uploads\/2025\/01\/Destaca-rector-papel-de-la-ACU-en-el-desarrollo-de-la-UdeC_d.jpg 1225w\" sizes=\"auto, (max-width: 1024px) 100vw, 1024px\" \/><\/figure>\n\n\n\n<figure class=\"wp-block-image size-large\"><img loading=\"lazy\" decoding=\"async\" width=\"1024\" height=\"681\" src=\"https:\/\/diarioavanzada.com.mx\/wp-content\/uploads\/2025\/01\/Destaca-rector-papel-de-la-ACU-en-el-desarrollo-de-la-UdeC-1-1024x681.jpg\" alt=\"\" class=\"wp-image-70984\" srcset=\"https:\/\/diarioavanzada.com.mx\/wp-content\/uploads\/2025\/01\/Destaca-rector-papel-de-la-ACU-en-el-desarrollo-de-la-UdeC-1-1024x681.jpg 1024w, https:\/\/diarioavanzada.com.mx\/wp-content\/uploads\/2025\/01\/Destaca-rector-papel-de-la-ACU-en-el-desarrollo-de-la-UdeC-1-300x200.jpg 300w, https:\/\/diarioavanzada.com.mx\/wp-content\/uploads\/2025\/01\/Destaca-rector-papel-de-la-ACU-en-el-desarrollo-de-la-UdeC-1-768x511.jpg 768w, https:\/\/diarioavanzada.com.mx\/wp-content\/uploads\/2025\/01\/Destaca-rector-papel-de-la-ACU-en-el-desarrollo-de-la-UdeC-1-1200x798.jpg 1200w, https:\/\/diarioavanzada.com.mx\/wp-content\/uploads\/2025\/01\/Destaca-rector-papel-de-la-ACU-en-el-desarrollo-de-la-UdeC-1.jpg 1225w\" sizes=\"auto, (max-width: 1024px) 100vw, 1024px\" \/><\/figure>\n\n\n\n<figure class=\"wp-block-image size-large\"><img loading=\"lazy\" decoding=\"async\" width=\"1024\" height=\"681\" src=\"https:\/\/diarioavanzada.com.mx\/wp-content\/uploads\/2025\/01\/Destaca-rector-papel-de-la-ACU-en-el-desarrollo-de-la-UdeC_Isabel-1024x681.jpg\" alt=\"\" class=\"wp-image-70985\" srcset=\"https:\/\/diarioavanzada.com.mx\/wp-content\/uploads\/2025\/01\/Destaca-rector-papel-de-la-ACU-en-el-desarrollo-de-la-UdeC_Isabel-1024x681.jpg 1024w, https:\/\/diarioavanzada.com.mx\/wp-content\/uploads\/2025\/01\/Destaca-rector-papel-de-la-ACU-en-el-desarrollo-de-la-UdeC_Isabel-300x200.jpg 300w, https:\/\/diarioavanzada.com.mx\/wp-content\/uploads\/2025\/01\/Destaca-rector-papel-de-la-ACU-en-el-desarrollo-de-la-UdeC_Isabel-768x511.jpg 768w, https:\/\/diarioavanzada.com.mx\/wp-content\/uploads\/2025\/01\/Destaca-rector-papel-de-la-ACU-en-el-desarrollo-de-la-UdeC_Isabel-1200x798.jpg 1200w, https:\/\/diarioavanzada.com.mx\/wp-content\/uploads\/2025\/01\/Destaca-rector-papel-de-la-ACU-en-el-desarrollo-de-la-UdeC_Isabel.jpg 1225w\" sizes=\"auto, (max-width: 1024px) 100vw, 1024px\" \/><\/figure>\n\n\n\n<figure class=\"wp-block-image size-large\"><img loading=\"lazy\" decoding=\"async\" width=\"1024\" height=\"682\" src=\"https:\/\/diarioavanzada.com.mx\/wp-content\/uploads\/2025\/01\/img_0239-1-1024x682.jpg\" alt=\"\" class=\"wp-image-70994\" srcset=\"https:\/\/diarioavanzada.com.mx\/wp-content\/uploads\/2025\/01\/img_0239-1-1024x682.jpg 1024w, https:\/\/diarioavanzada.com.mx\/wp-content\/uploads\/2025\/01\/img_0239-1-300x200.jpg 300w, https:\/\/diarioavanzada.com.mx\/wp-content\/uploads\/2025\/01\/img_0239-1-768x511.jpg 768w, https:\/\/diarioavanzada.com.mx\/wp-content\/uploads\/2025\/01\/img_0239-1.jpg 1199w\" sizes=\"auto, (max-width: 1024px) 100vw, 1024px\" \/><\/figure>\n<div class=\"fb-background-color\">\n\t\t\t  <div \n\t\t\t  \tclass = \"fb-comments\" \n\t\t\t  \tdata-href = \"https:\/\/diarioavanzada.com.mx\/?p=70978\"\n\t\t\t  \tdata-numposts = \"10\"\n\t\t\t  \tdata-lazy = \"true\"\n\t\t\t\tdata-colorscheme = \"light\"\n\t\t\t\tdata-order-by = \"social\"\n\t\t\t\tdata-mobile=true>\n\t\t\t  <\/div><\/div>\n\t\t  <style>\n\t\t    .fb-background-color {\n\t\t\t\tbackground:  !important;\n\t\t\t}\n\t\t\t.fb_iframe_widget_fluid_desktop iframe {\n\t\t\t    width: 100% !important;\n\t\t\t}\n\t\t  <\/style>\n\t\t  ","protected":false},"excerpt":{"rendered":"<p>Durante la ceremonia de partida de rosca de reyes, el rector Christian Torres les asegur\u00f3 el respaldo de la UdeC. Colima, M\u00e9xico, Avanzada (10\/01\/2025).- En un ambiente de celebraci\u00f3n y amistad, el rector de la Universidad de Colima, Christian Torres Ortiz Zerme\u00f1o comparti\u00f3 la tradicional Rosca de Reyes con las integrantes de la Asociaci\u00f3n Colimense [&hellip;]<\/p>\n","protected":false},"author":7,"featured_media":70996,"comment_status":"closed","ping_status":"closed","sticky":false,"template":"","format":"standard","meta":{"_coblocks_attr":"","_coblocks_dimensions":"","_coblocks_responsive_height":"","_coblocks_accordion_ie_support":"","_crdt_document":"","advanced_seo_description":"","jetpack_seo_html_title":"","jetpack_seo_noindex":false,"_jetpack_memberships_contains_paid_content":false,"footnotes":""},"categories":[19,209,7],"tags":[],"class_list":["post-70978","post","type-post","status-publish","format-standard","has-post-thumbnail","hentry","category-colima","category-importantes","category-noticias"],"jetpack_featured_media_url":"https:\/\/diarioavanzada.com.mx\/wp-content\/uploads\/2025\/01\/img_0240-1.jpg","jetpack-related-posts":[],"jetpack_sharing_enabled":true,"amp_enabled":true,"_links":{"self":[{"href":"https:\/\/diarioavanzada.com.mx\/index.php?rest_route=\/wp\/v2\/posts\/70978","targetHints":{"allow":["GET"]}}],"collection":[{"href":"https:\/\/diarioavanzada.com.mx\/index.php?rest_route=\/wp\/v2\/posts"}],"about":[{"href":"https:\/\/diarioavanzada.com.mx\/index.php?rest_route=\/wp\/v2\/types\/post"}],"author":[{"embeddable":true,"href":"https:\/\/diarioavanzada.com.mx\/index.php?rest_route=\/wp\/v2\/users\/7"}],"replies":[{"embeddable":true,"href":"https:\/\/diarioavanzada.com.mx\/index.php?rest_route=%2Fwp%2Fv2%2Fcomments&post=70978"}],"version-history":[{"count":8,"href":"https:\/\/diarioavanzada.com.mx\/index.php?rest_route=\/wp\/v2\/posts\/70978\/revisions"}],"predecessor-version":[{"id":70997,"href":"https:\/\/diarioavanzada.com.mx\/index.php?rest_route=\/wp\/v2\/posts\/70978\/revisions\/70997"}],"wp:featuredmedia":[{"embeddable":true,"href":"https:\/\/diarioavanzada.com.mx\/index.php?rest_route=\/wp\/v2\/media\/70996"}],"wp:attachment":[{"href":"https:\/\/diarioavanzada.com.mx\/index.php?rest_route=%2Fwp%2Fv2%2Fmedia&parent=70978"}],"wp:term":[{"taxonomy":"category","embeddable":true,"href":"https:\/\/diarioavanzada.com.mx\/index.php?rest_route=%2Fwp%2Fv2%2Fcategories&post=70978"},{"taxonomy":"post_tag","embeddable":true,"href":"https:\/\/diarioavanzada.com.mx\/index.php?rest_route=%2Fwp%2Fv2%2Ftags&post=70978"}],"curies":[{"name":"wp","href":"https:\/\/api.w.org\/{rel}","templated":true}]}}