{"id":70874,"date":"2025-01-10T07:43:13","date_gmt":"2025-01-10T13:43:13","guid":{"rendered":"https:\/\/diarioavanzada.com.mx\/?p=70874"},"modified":"2025-01-10T07:43:13","modified_gmt":"2025-01-10T13:43:13","slug":"pronostican-lluvias-y-ambiente-caluroso-para-este-dia-en-colima-maximas-de-35-c","status":"publish","type":"post","link":"https:\/\/diarioavanzada.com.mx\/?p=70874","title":{"rendered":"Pronostican lluvias y ambiente caluroso para este d\u00eda en Colima; m\u00e1ximas de 35 \u00b0C"},"content":{"rendered":"\n<p class=\"p1 wp-block-paragraph\">Colima, M\u00e9xico, Avanzada (09\/01\/2025).- Este viernes 10 de enero, Colima tendr\u00e1 condiciones de cielo medio nublado a nublado con intervalos de chubascos que podr\u00edan acumular de 5 a 25 mm de lluvia. Durante la ma\u00f1ana, se esperan bancos de niebla en zonas altas y un ambiente fr\u00edo en esas \u00e1reas, mientras que en las costas se mantendr\u00e1 templado. Por la tarde, predominar\u00e1 un ambiente caluroso con temperaturas m\u00e1ximas de 30 a 35 \u00b0C en diversas regiones del estado.<\/p>\n\n\n\n<p class=\"p1 wp-block-paragraph\">El viento ser\u00e1 del oeste y suroeste, alcanzando velocidades de 20 a 30 km\/h, con rachas de hasta 40 a 60 km\/h.<\/p>\n\n\n\n<p class=\"p1 wp-block-paragraph\">Estas condiciones se deben al ingreso de humedad del oc\u00e9ano Pac\u00edfico, que tambi\u00e9n afectar\u00e1 a los estados vecinos de Jalisco, Michoac\u00e1n y Nayarit.<\/p>\n\n\n\n<p class=\"p1 wp-block-paragraph\">A nivel nacional, la interacci\u00f3n de diversos fen\u00f3menos meteorol\u00f3gicos continuar\u00e1 generando lluvias, bajas temperaturas y viento en gran parte del territorio, pero en Colima se mantendr\u00e1n las temperaturas c\u00e1lidas caracter\u00edsticas del Pac\u00edfico Centro. Se recomienda a la poblaci\u00f3n mantenerse informada y tomar precauciones ante posibles lluvias y vientos fuertes.<\/p>\n<div class=\"fb-background-color\">\n\t\t\t  <div \n\t\t\t  \tclass = \"fb-comments\" \n\t\t\t  \tdata-href = \"https:\/\/diarioavanzada.com.mx\/?p=70874\"\n\t\t\t  \tdata-numposts = \"10\"\n\t\t\t  \tdata-lazy = \"true\"\n\t\t\t\tdata-colorscheme = \"light\"\n\t\t\t\tdata-order-by = \"social\"\n\t\t\t\tdata-mobile=true>\n\t\t\t  <\/div><\/div>\n\t\t  <style>\n\t\t    .fb-background-color {\n\t\t\t\tbackground:  !important;\n\t\t\t}\n\t\t\t.fb_iframe_widget_fluid_desktop iframe {\n\t\t\t    width: 100% !important;\n\t\t\t}\n\t\t  <\/style>\n\t\t  ","protected":false},"excerpt":{"rendered":"<p>Colima, M\u00e9xico, Avanzada (09\/01\/2025).- Este viernes 10 de enero, Colima tendr\u00e1 condiciones de cielo medio nublado a nublado con intervalos de chubascos que podr\u00edan acumular de 5 a 25 mm de lluvia. Durante la ma\u00f1ana, se esperan bancos de niebla en zonas altas y un ambiente fr\u00edo en esas \u00e1reas, mientras que en las costas [&hellip;]<\/p>\n","protected":false},"author":7,"featured_media":70873,"comment_status":"closed","ping_status":"closed","sticky":false,"template":"","format":"standard","meta":{"_coblocks_attr":"","_coblocks_dimensions":"","_coblocks_responsive_height":"","_coblocks_accordion_ie_support":"","_crdt_document":"","advanced_seo_description":"","jetpack_seo_html_title":"","jetpack_seo_noindex":false,"_jetpack_memberships_contains_paid_content":false,"footnotes":""},"categories":[19,22,7],"tags":[],"class_list":["post-70874","post","type-post","status-publish","format-standard","has-post-thumbnail","hentry","category-colima","category-nacion","category-noticias"],"jetpack_featured_media_url":"https:\/\/diarioavanzada.com.mx\/wp-content\/uploads\/2025\/01\/img_1323-1.jpg","jetpack-related-posts":[],"jetpack_sharing_enabled":true,"amp_enabled":true,"_links":{"self":[{"href":"https:\/\/diarioavanzada.com.mx\/index.php?rest_route=\/wp\/v2\/posts\/70874","targetHints":{"allow":["GET"]}}],"collection":[{"href":"https:\/\/diarioavanzada.com.mx\/index.php?rest_route=\/wp\/v2\/posts"}],"about":[{"href":"https:\/\/diarioavanzada.com.mx\/index.php?rest_route=\/wp\/v2\/types\/post"}],"author":[{"embeddable":true,"href":"https:\/\/diarioavanzada.com.mx\/index.php?rest_route=\/wp\/v2\/users\/7"}],"replies":[{"embeddable":true,"href":"https:\/\/diarioavanzada.com.mx\/index.php?rest_route=%2Fwp%2Fv2%2Fcomments&post=70874"}],"version-history":[{"count":0,"href":"https:\/\/diarioavanzada.com.mx\/index.php?rest_route=\/wp\/v2\/posts\/70874\/revisions"}],"wp:featuredmedia":[{"embeddable":true,"href":"https:\/\/diarioavanzada.com.mx\/index.php?rest_route=\/wp\/v2\/media\/70873"}],"wp:attachment":[{"href":"https:\/\/diarioavanzada.com.mx\/index.php?rest_route=%2Fwp%2Fv2%2Fmedia&parent=70874"}],"wp:term":[{"taxonomy":"category","embeddable":true,"href":"https:\/\/diarioavanzada.com.mx\/index.php?rest_route=%2Fwp%2Fv2%2Fcategories&post=70874"},{"taxonomy":"post_tag","embeddable":true,"href":"https:\/\/diarioavanzada.com.mx\/index.php?rest_route=%2Fwp%2Fv2%2Ftags&post=70874"}],"curies":[{"name":"wp","href":"https:\/\/api.w.org\/{rel}","templated":true}]}}