{"id":70632,"date":"2025-01-08T10:16:23","date_gmt":"2025-01-08T16:16:23","guid":{"rendered":"https:\/\/diarioavanzada.com.mx\/?p=70632"},"modified":"2025-01-08T10:16:23","modified_gmt":"2025-01-08T16:16:23","slug":"incendios-forestales-un-problema-ecologico-que-persiste-en-colima","status":"publish","type":"post","link":"https:\/\/diarioavanzada.com.mx\/?p=70632","title":{"rendered":"Incendios forestales: un problema ecol\u00f3gico que persiste en Colima"},"content":{"rendered":"\n<p class=\"wp-block-paragraph\">Colima, M\u00e9xico, Avanzada&nbsp;(08\/01\/2024).-Los incendios forestales son una de las principales problem\u00e1ticas medioambientales en Colima, no solo por la devastaci\u00f3n que generan en los ecosistemas, sino tambi\u00e9n por el riesgo al que se exponen los m\u00e1s de 3,000 elementos que participaron en su combate durante 2024. Seg\u00fan el m\u00e1s reciente informe de la Comisi\u00f3n Nacional Forestal (Conafor), al cierre del a\u00f1o se registraron 110 incendios forestales en la entidad, afectando una superficie de 10,853 hect\u00e1reas, principalmente en zonas sin arbolado.<\/p>\n\n\n\n<p class=\"wp-block-paragraph\">De las hect\u00e1reas impactadas, solo 52 correspondieron a superficie arb\u00f3rea, de las cuales 49.79 hect\u00e1reas eran arbolado adulto y tres hect\u00e1reas eran renuevo. Sin embargo, el impacto fue significativo en otras \u00e1reas: 2,083 hect\u00e1reas de superficie arbustiva, 3,796 hect\u00e1reas de hierba, y 4,921 hect\u00e1reas de hojarasca. Estas cifras reflejan la fragilidad de los ecosistemas locales y el reto que implica su recuperaci\u00f3n.<\/p>\n\n\n\n<p class=\"wp-block-paragraph\">La mayor\u00eda de estos incendios ocurrieron durante el periodo de estiaje, cuando las condiciones clim\u00e1ticas favorecen la propagaci\u00f3n del fuego. Pese a ello, la pronta reacci\u00f3n de los cuerpos de auxilio logr\u00f3 reducir la duraci\u00f3n promedio de los incendios a 100 minutos, con un tiempo de llegada de los brigadistas de apenas 7 minutos y 6 segundos.<\/p>\n\n\n\n<p class=\"wp-block-paragraph\">En el combate a estos siniestros participaron 3,120 elementos, incluyendo personal de la Conafor, el gobierno estatal y empresas privadas. Este esfuerzo colectivo permiti\u00f3 que Colima se mantuviera en el rango de incidencia media a nivel nacional, junto con otras nueve entidades.<\/p>\n\n\n\n<p class=\"wp-block-paragraph\">En el contexto nacional, se registraron 7,965 incendios forestales en las 32 entidades federativas, afectando un total de 1.6 millones de hect\u00e1reas. De esta cifra, el 95% correspondi\u00f3 a vegetaci\u00f3n herb\u00e1cea y arbustiva, y solo el 5% a superficie arb\u00f3rea. Los estados con mayor n\u00famero de siniestros fueron el Estado de M\u00e9xico, Ciudad de M\u00e9xico, Jalisco, y Michoac\u00e1n, entre otros, concentrando el 78% del total.<\/p>\n\n\n\n<p class=\"wp-block-paragraph\">La CONAFOR destac\u00f3 que la mayor parte de los incendios fueron intencionales.<\/p>\n<div class=\"fb-background-color\">\n\t\t\t  <div \n\t\t\t  \tclass = \"fb-comments\" \n\t\t\t  \tdata-href = \"https:\/\/diarioavanzada.com.mx\/?p=70632\"\n\t\t\t  \tdata-numposts = \"10\"\n\t\t\t  \tdata-lazy = \"true\"\n\t\t\t\tdata-colorscheme = \"light\"\n\t\t\t\tdata-order-by = \"social\"\n\t\t\t\tdata-mobile=true>\n\t\t\t  <\/div><\/div>\n\t\t  <style>\n\t\t    .fb-background-color {\n\t\t\t\tbackground:  !important;\n\t\t\t}\n\t\t\t.fb_iframe_widget_fluid_desktop iframe {\n\t\t\t    width: 100% !important;\n\t\t\t}\n\t\t  <\/style>\n\t\t  ","protected":false},"excerpt":{"rendered":"<p>Colima, M\u00e9xico, Avanzada&nbsp;(08\/01\/2024).-Los incendios forestales son una de las principales problem\u00e1ticas medioambientales en Colima, no solo por la devastaci\u00f3n que generan en los ecosistemas, sino tambi\u00e9n por el riesgo al que se exponen los m\u00e1s de 3,000 elementos que participaron en su combate durante 2024. Seg\u00fan el m\u00e1s reciente informe de la Comisi\u00f3n Nacional Forestal [&hellip;]<\/p>\n","protected":false},"author":5,"featured_media":70636,"comment_status":"closed","ping_status":"closed","sticky":false,"template":"","format":"standard","meta":{"_coblocks_attr":"","_coblocks_dimensions":"","_coblocks_responsive_height":"","_coblocks_accordion_ie_support":"","_crdt_document":"","advanced_seo_description":"","jetpack_seo_html_title":"","jetpack_seo_noindex":false,"_jetpack_memberships_contains_paid_content":false,"footnotes":""},"categories":[19,209,7],"tags":[],"class_list":["post-70632","post","type-post","status-publish","format-standard","has-post-thumbnail","hentry","category-colima","category-importantes","category-noticias"],"jetpack_featured_media_url":"https:\/\/diarioavanzada.com.mx\/wp-content\/uploads\/2025\/01\/img_0159-1.png","jetpack-related-posts":[],"jetpack_sharing_enabled":true,"amp_enabled":true,"_links":{"self":[{"href":"https:\/\/diarioavanzada.com.mx\/index.php?rest_route=\/wp\/v2\/posts\/70632","targetHints":{"allow":["GET"]}}],"collection":[{"href":"https:\/\/diarioavanzada.com.mx\/index.php?rest_route=\/wp\/v2\/posts"}],"about":[{"href":"https:\/\/diarioavanzada.com.mx\/index.php?rest_route=\/wp\/v2\/types\/post"}],"author":[{"embeddable":true,"href":"https:\/\/diarioavanzada.com.mx\/index.php?rest_route=\/wp\/v2\/users\/5"}],"replies":[{"embeddable":true,"href":"https:\/\/diarioavanzada.com.mx\/index.php?rest_route=%2Fwp%2Fv2%2Fcomments&post=70632"}],"version-history":[{"count":1,"href":"https:\/\/diarioavanzada.com.mx\/index.php?rest_route=\/wp\/v2\/posts\/70632\/revisions"}],"predecessor-version":[{"id":70637,"href":"https:\/\/diarioavanzada.com.mx\/index.php?rest_route=\/wp\/v2\/posts\/70632\/revisions\/70637"}],"wp:featuredmedia":[{"embeddable":true,"href":"https:\/\/diarioavanzada.com.mx\/index.php?rest_route=\/wp\/v2\/media\/70636"}],"wp:attachment":[{"href":"https:\/\/diarioavanzada.com.mx\/index.php?rest_route=%2Fwp%2Fv2%2Fmedia&parent=70632"}],"wp:term":[{"taxonomy":"category","embeddable":true,"href":"https:\/\/diarioavanzada.com.mx\/index.php?rest_route=%2Fwp%2Fv2%2Fcategories&post=70632"},{"taxonomy":"post_tag","embeddable":true,"href":"https:\/\/diarioavanzada.com.mx\/index.php?rest_route=%2Fwp%2Fv2%2Ftags&post=70632"}],"curies":[{"name":"wp","href":"https:\/\/api.w.org\/{rel}","templated":true}]}}