{"id":70626,"date":"2025-01-08T09:33:52","date_gmt":"2025-01-08T15:33:52","guid":{"rendered":"https:\/\/diarioavanzada.com.mx\/?p=70626"},"modified":"2025-01-08T09:42:54","modified_gmt":"2025-01-08T15:42:54","slug":"para-este-dia-en-colima-posibilidad-de-nieve-en-el-nevado-y-temperaturas-de-hasta-40-c-en-la-costa","status":"publish","type":"post","link":"https:\/\/diarioavanzada.com.mx\/?p=70626","title":{"rendered":"Pronostican nieve en el Nevado de Colima y calor de 40 \u00b0C en la costa para este d\u00eda"},"content":{"rendered":"\n<p class=\"p1 wp-block-paragraph\">Colima, M\u00e9xico, Avanzada (08\/01\/2025).- Colima vivir\u00e1 este mi\u00e9rcoles un contraste clim\u00e1tico notable. De acuerdo con el Servicio Meteorol\u00f3gico Nacional (SMN), se prev\u00e9 la posibilidad de ca\u00edda de nieve o aguanieve durante la noche en el Nevado de Colima, debido a la interacci\u00f3n de un r\u00edo atmosf\u00e9rico con las bajas temperaturas registradas en altitudes superiores a los 4,300 metros sobre el nivel del mar.<\/p>\n\n\n\n<p class=\"p1 wp-block-paragraph\">En la zona costera, el ambiente ser\u00e1 completamente diferente, con temperaturas m\u00e1ximas de hasta 40 \u00b0C, propias de las regiones c\u00e1lidas del Pac\u00edfico Centro.<\/p>\n\n\n\n<p class=\"p1 wp-block-paragraph\">Aunque Colima solo espera lluvias aisladas (0.1 a 5 mm), se advierte sobre posibles bancos de niebla durante la ma\u00f1ana en zonas serranas y vientos con rachas de hasta 40 km\/h. Por la tarde, se mantendr\u00e1 un ambiente c\u00e1lido a muy caluroso en las costas, mientras que las partes altas podr\u00edan registrar un clima m\u00e1s fresco.<\/p>\n\n\n\n<p class=\"p1 wp-block-paragraph\">La ca\u00edda de nieve o aguanieve en el Nevado podr\u00eda representar un atractivo para visitantes, pero las autoridades recomiendan precauci\u00f3n debido a las condiciones extremas. Se sugiere evitar actividades al aire libre en esta zona, especialmente durante la noche y la madrugada.<\/p>\n\n\n\n<p class=\"p1 wp-block-paragraph\">En el resto del pa\u00eds, la segunda tormenta invernal y el frente fr\u00edo No. 21 generan lluvias intensas en Durango, Sinaloa y Veracruz, as\u00ed como nevadas en diversas sierras del norte y centro del pa\u00eds. Adem\u00e1s, temperaturas extremadamente bajas y heladas afectar\u00e1n varias regiones del noreste, centro y oriente de M\u00e9xico.<\/p>\n\n\n\n<p class=\"p1 wp-block-paragraph\">En contraste, Colima y los estados vecinos de Jalisco y Michoac\u00e1n enfrentan lluvias puntuales fuertes en algunas zonas, pero se mantendr\u00e1n temperaturas c\u00e1lidas en las costas y regiones bajas.<\/p>\n<div class=\"fb-background-color\">\n\t\t\t  <div \n\t\t\t  \tclass = \"fb-comments\" \n\t\t\t  \tdata-href = \"https:\/\/diarioavanzada.com.mx\/?p=70626\"\n\t\t\t  \tdata-numposts = \"10\"\n\t\t\t  \tdata-lazy = \"true\"\n\t\t\t\tdata-colorscheme = \"light\"\n\t\t\t\tdata-order-by = \"social\"\n\t\t\t\tdata-mobile=true>\n\t\t\t  <\/div><\/div>\n\t\t  <style>\n\t\t    .fb-background-color {\n\t\t\t\tbackground:  !important;\n\t\t\t}\n\t\t\t.fb_iframe_widget_fluid_desktop iframe {\n\t\t\t    width: 100% !important;\n\t\t\t}\n\t\t  <\/style>\n\t\t  ","protected":false},"excerpt":{"rendered":"<p>Colima, M\u00e9xico, Avanzada (08\/01\/2025).- Colima vivir\u00e1 este mi\u00e9rcoles un contraste clim\u00e1tico notable. De acuerdo con el Servicio Meteorol\u00f3gico Nacional (SMN), se prev\u00e9 la posibilidad de ca\u00edda de nieve o aguanieve durante la noche en el Nevado de Colima, debido a la interacci\u00f3n de un r\u00edo atmosf\u00e9rico con las bajas temperaturas registradas en altitudes superiores a [&hellip;]<\/p>\n","protected":false},"author":7,"featured_media":70625,"comment_status":"closed","ping_status":"closed","sticky":false,"template":"","format":"standard","meta":{"_coblocks_attr":"","_coblocks_dimensions":"","_coblocks_responsive_height":"","_coblocks_accordion_ie_support":"","_crdt_document":"","advanced_seo_description":"","jetpack_seo_html_title":"","jetpack_seo_noindex":false,"_jetpack_memberships_contains_paid_content":false,"footnotes":""},"categories":[19,7],"tags":[],"class_list":["post-70626","post","type-post","status-publish","format-standard","has-post-thumbnail","hentry","category-colima","category-noticias"],"jetpack_featured_media_url":"https:\/\/diarioavanzada.com.mx\/wp-content\/uploads\/2025\/01\/img_6324-1.jpg","jetpack-related-posts":[],"jetpack_sharing_enabled":true,"amp_enabled":true,"_links":{"self":[{"href":"https:\/\/diarioavanzada.com.mx\/index.php?rest_route=\/wp\/v2\/posts\/70626","targetHints":{"allow":["GET"]}}],"collection":[{"href":"https:\/\/diarioavanzada.com.mx\/index.php?rest_route=\/wp\/v2\/posts"}],"about":[{"href":"https:\/\/diarioavanzada.com.mx\/index.php?rest_route=\/wp\/v2\/types\/post"}],"author":[{"embeddable":true,"href":"https:\/\/diarioavanzada.com.mx\/index.php?rest_route=\/wp\/v2\/users\/7"}],"replies":[{"embeddable":true,"href":"https:\/\/diarioavanzada.com.mx\/index.php?rest_route=%2Fwp%2Fv2%2Fcomments&post=70626"}],"version-history":[{"count":1,"href":"https:\/\/diarioavanzada.com.mx\/index.php?rest_route=\/wp\/v2\/posts\/70626\/revisions"}],"predecessor-version":[{"id":70627,"href":"https:\/\/diarioavanzada.com.mx\/index.php?rest_route=\/wp\/v2\/posts\/70626\/revisions\/70627"}],"wp:featuredmedia":[{"embeddable":true,"href":"https:\/\/diarioavanzada.com.mx\/index.php?rest_route=\/wp\/v2\/media\/70625"}],"wp:attachment":[{"href":"https:\/\/diarioavanzada.com.mx\/index.php?rest_route=%2Fwp%2Fv2%2Fmedia&parent=70626"}],"wp:term":[{"taxonomy":"category","embeddable":true,"href":"https:\/\/diarioavanzada.com.mx\/index.php?rest_route=%2Fwp%2Fv2%2Fcategories&post=70626"},{"taxonomy":"post_tag","embeddable":true,"href":"https:\/\/diarioavanzada.com.mx\/index.php?rest_route=%2Fwp%2Fv2%2Ftags&post=70626"}],"curies":[{"name":"wp","href":"https:\/\/api.w.org\/{rel}","templated":true}]}}