{"id":70555,"date":"2025-01-07T17:19:07","date_gmt":"2025-01-07T23:19:07","guid":{"rendered":"https:\/\/diarioavanzada.com.mx\/?p=70555"},"modified":"2025-01-07T17:24:40","modified_gmt":"2025-01-07T23:24:40","slug":"asesinan-a-comandante-de-la-policia-municipal-de-culiacan-en-ataque-armado","status":"publish","type":"post","link":"https:\/\/diarioavanzada.com.mx\/?p=70555","title":{"rendered":"Asesinan a comandante de la Polic\u00eda Municipal de Culiac\u00e1n en ataque armado"},"content":{"rendered":"\n<p class=\"p1 wp-block-paragraph\">Culiac\u00e1n, M\u00e9xico, Avanzada (07\/01\/2025).- El comandante y supervisor operativo de la Polic\u00eda Municipal de Culiac\u00e1n, Juan Carlos \u201cN\u201d, fue asesinado la ma\u00f1ana de este martes en un ataque directo mientras circulaba en su veh\u00edculo Volkswagen Jetta gris, sobre el bulevar Las Torres, en la zona de Barrancos, al sur-poniente de la capital.<\/p>\n\n\n\n<p class=\"p1 wp-block-paragraph\">El ataque ocurri\u00f3 alrededor de las 8:00 horas, cuando el uniformado se dirig\u00eda de su domicilio a las oficinas de la corporaci\u00f3n. Seg\u00fan los reportes preliminares, un grupo armado a bordo de al menos dos camionetas lo persigui\u00f3 durante varios metros. En el trayecto, el comandante perdi\u00f3 el control del autom\u00f3vil, impact\u00e1ndose contra un poste, momento en el cual los agresores dispararon con armas autom\u00e1ticas, dej\u00e1ndolo sin vida en el lugar.<\/p>\n\n\n\n<p class=\"p1 wp-block-paragraph\">El veh\u00edculo de la v\u00edctima qued\u00f3 con m\u00faltiples impactos de bala en la carrocer\u00eda y los cristales. Juan Carlos \u201cN\u201d fue hallado sin vida en el asiento del conductor, con lesiones de bala en el cr\u00e1neo y el torso. Peritos de la Fiscal\u00eda General del Estado localizaron en el sitio decenas de casquillos de armas largas de distintos calibres, lo que evidencia la brutalidad del ataque.<\/p>\n\n\n\n<p class=\"p1 wp-block-paragraph\">Tras el atentado, el autom\u00f3vil permaneci\u00f3 encendido, lo que provoc\u00f3 un conato de incendio que fue controlado r\u00e1pidamente. Los responsables huyeron del lugar antes de la llegada de las autoridades.<\/p>\n\n\n\n<p class=\"p1 wp-block-paragraph\">Elementos de seguridad montaron un operativo en la zona para dar con los responsables, sin que hasta el momento se hayan reportado detenciones.<\/p>\n\n\n\n<p class=\"p1 wp-block-paragraph\">Este asesinato se suma a una preocupante ola de violencia contra elementos policiacos en Culiac\u00e1n, una ciudad que enfrenta constantes desaf\u00edos derivados de la inseguridad y el crimen organizado. Las autoridades aseguran que intensificar\u00e1n los operativos en la regi\u00f3n y reforzar\u00e1n la protecci\u00f3n para los miembros de las fuerzas de seguridad.<\/p>\n\n\n\n<figure class=\"wp-block-video\"><div class=\"wp-block-embed__wrapper\">\n<iframe title=\"VideoPress Video Player\" aria-label='VideoPress Video Player' width='740' height='513' src='https:\/\/videopress.com\/embed\/cZ7YWi1R?cover=1&amp;preloadContent=metadata&amp;useAverageColor=1&amp;hd=0' frameborder='0' allowfullscreen data-resize-to-parent=\"true\" allow='clipboard-write'><\/iframe><script src='https:\/\/v0.wordpress.com\/js\/next\/videopress-iframe.js?m=1725245713'><\/script>\n<\/div><\/figure>\n<div class=\"fb-background-color\">\n\t\t\t  <div \n\t\t\t  \tclass = \"fb-comments\" \n\t\t\t  \tdata-href = \"https:\/\/diarioavanzada.com.mx\/?p=70555\"\n\t\t\t  \tdata-numposts = \"10\"\n\t\t\t  \tdata-lazy = \"true\"\n\t\t\t\tdata-colorscheme = \"light\"\n\t\t\t\tdata-order-by = \"social\"\n\t\t\t\tdata-mobile=true>\n\t\t\t  <\/div><\/div>\n\t\t  <style>\n\t\t    .fb-background-color {\n\t\t\t\tbackground:  !important;\n\t\t\t}\n\t\t\t.fb_iframe_widget_fluid_desktop iframe {\n\t\t\t    width: 100% !important;\n\t\t\t}\n\t\t  <\/style>\n\t\t  ","protected":false},"excerpt":{"rendered":"<p>Culiac\u00e1n, M\u00e9xico, Avanzada (07\/01\/2025).- El comandante y supervisor operativo de la Polic\u00eda Municipal de Culiac\u00e1n, Juan Carlos \u201cN\u201d, fue asesinado la ma\u00f1ana de este martes en un ataque directo mientras circulaba en su veh\u00edculo Volkswagen Jetta gris, sobre el bulevar Las Torres, en la zona de Barrancos, al sur-poniente de la capital. El ataque ocurri\u00f3 [&hellip;]<\/p>\n","protected":false},"author":7,"featured_media":70554,"comment_status":"closed","ping_status":"closed","sticky":false,"template":"","format":"standard","meta":{"_coblocks_attr":"","_coblocks_dimensions":"","_coblocks_responsive_height":"","_coblocks_accordion_ie_support":"","_crdt_document":"","advanced_seo_description":"","jetpack_seo_html_title":"","jetpack_seo_noindex":false,"_jetpack_memberships_contains_paid_content":false,"footnotes":""},"categories":[22,7,231],"tags":[],"class_list":["post-70555","post","type-post","status-publish","format-standard","has-post-thumbnail","hentry","category-nacion","category-noticias","category-seguridad"],"jetpack_featured_media_url":"https:\/\/diarioavanzada.com.mx\/wp-content\/uploads\/2025\/01\/img_6312-1.jpg","jetpack-related-posts":[],"jetpack_sharing_enabled":true,"amp_enabled":true,"_links":{"self":[{"href":"https:\/\/diarioavanzada.com.mx\/index.php?rest_route=\/wp\/v2\/posts\/70555","targetHints":{"allow":["GET"]}}],"collection":[{"href":"https:\/\/diarioavanzada.com.mx\/index.php?rest_route=\/wp\/v2\/posts"}],"about":[{"href":"https:\/\/diarioavanzada.com.mx\/index.php?rest_route=\/wp\/v2\/types\/post"}],"author":[{"embeddable":true,"href":"https:\/\/diarioavanzada.com.mx\/index.php?rest_route=\/wp\/v2\/users\/7"}],"replies":[{"embeddable":true,"href":"https:\/\/diarioavanzada.com.mx\/index.php?rest_route=%2Fwp%2Fv2%2Fcomments&post=70555"}],"version-history":[{"count":2,"href":"https:\/\/diarioavanzada.com.mx\/index.php?rest_route=\/wp\/v2\/posts\/70555\/revisions"}],"predecessor-version":[{"id":70564,"href":"https:\/\/diarioavanzada.com.mx\/index.php?rest_route=\/wp\/v2\/posts\/70555\/revisions\/70564"}],"wp:featuredmedia":[{"embeddable":true,"href":"https:\/\/diarioavanzada.com.mx\/index.php?rest_route=\/wp\/v2\/media\/70554"}],"wp:attachment":[{"href":"https:\/\/diarioavanzada.com.mx\/index.php?rest_route=%2Fwp%2Fv2%2Fmedia&parent=70555"}],"wp:term":[{"taxonomy":"category","embeddable":true,"href":"https:\/\/diarioavanzada.com.mx\/index.php?rest_route=%2Fwp%2Fv2%2Fcategories&post=70555"},{"taxonomy":"post_tag","embeddable":true,"href":"https:\/\/diarioavanzada.com.mx\/index.php?rest_route=%2Fwp%2Fv2%2Ftags&post=70555"}],"curies":[{"name":"wp","href":"https:\/\/api.w.org\/{rel}","templated":true}]}}