{"id":70530,"date":"2025-01-07T11:20:28","date_gmt":"2025-01-07T17:20:28","guid":{"rendered":"https:\/\/diarioavanzada.com.mx\/?p=70530"},"modified":"2025-01-07T11:20:28","modified_gmt":"2025-01-07T17:20:28","slug":"salinas-pliego-cuestiona-la-incursion-del-gobierno-en-armado-de-vehiculos-electricos","status":"publish","type":"post","link":"https:\/\/diarioavanzada.com.mx\/?p=70530","title":{"rendered":"Salinas Pliego cuestiona la incursi\u00f3n del gobierno en armado de veh\u00edculos el\u00e9ctricos"},"content":{"rendered":"\n<p class=\"p1 wp-block-paragraph\">M\u00e9xico, Avanzada (07\/01\/2025).- La presidenta Claudia Sheinbaum present\u00f3 Olinia, la primera armadora mexicana de mini veh\u00edculos el\u00e9ctricos desarrollados en el pa\u00eds, destacando que el proyecto busca ofrecer una alternativa de movilidad sustentable, segura y accesible para millones de mexicanos. Sin embargo, la iniciativa no estuvo exenta de cr\u00edticas.<\/p>\n\n\n\n<p class=\"p1 wp-block-paragraph\">El magnate Ricardo Salinas Pliego utiliz\u00f3 sus redes sociales para cuestionar la viabilidad del proyecto y acusar al gobierno de mal manejo de recursos p\u00fablicos. \u201c\u00bfQu\u00e9 experiencia tienen estos \u2018empresarios\u2019 en el manejo de negocios? \u00bfCu\u00e1nto arriesgaron de su propio capital? \u00bfQu\u00e9 pasa si el proyecto fracasa?\u201d, escribi\u00f3, calificando la iniciativa como un desperdicio de recursos y compar\u00e1ndola con otros fracasos gubernamentales recientes.<\/p>\n\n\n\n<p class=\"p1 wp-block-paragraph\">En respuesta, el exsenador Rafael Palacios se\u00f1al\u00f3 que Salinas Pliego no est\u00e1 en posici\u00f3n de criticar, calific\u00e1ndolo de \u201ctraficante de influencias\u201d. A su vez, el empresario respondi\u00f3 con sarcasmo y reiter\u00f3 sus cuestionamientos al proyecto.<\/p>\n\n\n\n<p class=\"p3 wp-block-paragraph\"><strong>Detalles del proyecto Olinia<\/strong><\/p>\n\n\n\n<p class=\"p1 wp-block-paragraph\">Durante su presentaci\u00f3n, Sheinbaum explic\u00f3 que Olinia busca ser un parteaguas en la industria mexicana, priorizando componentes nacionales y desarrollando la tecnolog\u00eda en colaboraci\u00f3n con el Instituto Polit\u00e9cnico Nacional (IPN) y el Tecnol\u00f3gico Nacional de M\u00e9xico (TecNM). El gobierno asign\u00f3 un presupuesto inicial de 25 millones de pesos para el desarrollo en 2025.<\/p>\n\n\n\n<p class=\"p1 wp-block-paragraph\">El proyecto contempla el lanzamiento de tres modelos de veh\u00edculos:<\/p>\n\n\n\n<p class=\"p4 wp-block-paragraph\">1. Movilidad personal: Dise\u00f1ado para j\u00f3venes y madres de familia.<\/p>\n\n\n\n<p class=\"p4 wp-block-paragraph\">2. Movilidad de barrio: Alternativa segura y sostenible para el servicio de mototaxis.<\/p>\n\n\n\n<p class=\"p4 wp-block-paragraph\">3. Entregas de \u00faltima milla: Veh\u00edculos para reparto de mercanc\u00edas.<\/p>\n\n\n\n<p class=\"p1 wp-block-paragraph\">El coordinador del proyecto, Roberto Capuano Tripp, indic\u00f3 que los veh\u00edculos tendr\u00e1n precios entre 90 y 150 mil pesos, adem\u00e1s de planes de financiamiento accesibles. Estas unidades ser\u00e1n cero emisiones y utilizar\u00e1n bater\u00edas de litio.<\/p>\n\n\n\n<p class=\"p1 wp-block-paragraph\">La secretaria de Ciencia, Humanidades, Tecnolog\u00eda e Innovaci\u00f3n, Rosaura Ruiz, destac\u00f3 que Olinia promueve la soberan\u00eda tecnol\u00f3gica y el bienestar nacional, al vincular academia, gobierno y sector productivo.<\/p>\n\n\n\n<p class=\"p3 wp-block-paragraph\"><strong>Un proyecto pol\u00e9mico<\/strong><\/p>\n\n\n\n<p class=\"p1 wp-block-paragraph\">Mientras el gobierno celebra la iniciativa como un avance hacia la transici\u00f3n energ\u00e9tica y el fortalecimiento de la industria automotriz mexicana, las cr\u00edticas de Salinas Pliego reflejan la polarizaci\u00f3n que rodea el uso de recursos p\u00fablicos en proyectos ambiciosos. La discusi\u00f3n sobre Olinia no solo involucra su viabilidad econ\u00f3mica, sino tambi\u00e9n su impacto en la movilidad y el medio ambiente en M\u00e9xico.<\/p>\n<div class=\"fb-background-color\">\n\t\t\t  <div \n\t\t\t  \tclass = \"fb-comments\" \n\t\t\t  \tdata-href = \"https:\/\/diarioavanzada.com.mx\/?p=70530\"\n\t\t\t  \tdata-numposts = \"10\"\n\t\t\t  \tdata-lazy = \"true\"\n\t\t\t\tdata-colorscheme = \"light\"\n\t\t\t\tdata-order-by = \"social\"\n\t\t\t\tdata-mobile=true>\n\t\t\t  <\/div><\/div>\n\t\t  <style>\n\t\t    .fb-background-color {\n\t\t\t\tbackground:  !important;\n\t\t\t}\n\t\t\t.fb_iframe_widget_fluid_desktop iframe {\n\t\t\t    width: 100% !important;\n\t\t\t}\n\t\t  <\/style>\n\t\t  ","protected":false},"excerpt":{"rendered":"<p>M\u00e9xico, Avanzada (07\/01\/2025).- La presidenta Claudia Sheinbaum present\u00f3 Olinia, la primera armadora mexicana de mini veh\u00edculos el\u00e9ctricos desarrollados en el pa\u00eds, destacando que el proyecto busca ofrecer una alternativa de movilidad sustentable, segura y accesible para millones de mexicanos. Sin embargo, la iniciativa no estuvo exenta de cr\u00edticas. El magnate Ricardo Salinas Pliego utiliz\u00f3 sus [&hellip;]<\/p>\n","protected":false},"author":7,"featured_media":70529,"comment_status":"closed","ping_status":"closed","sticky":false,"template":"","format":"standard","meta":{"_coblocks_attr":"","_coblocks_dimensions":"","_coblocks_responsive_height":"","_coblocks_accordion_ie_support":"","_crdt_document":"","advanced_seo_description":"","jetpack_seo_html_title":"","jetpack_seo_noindex":false,"_jetpack_memberships_contains_paid_content":false,"footnotes":""},"categories":[22],"tags":[],"class_list":["post-70530","post","type-post","status-publish","format-standard","has-post-thumbnail","hentry","category-nacion"],"jetpack_featured_media_url":"https:\/\/diarioavanzada.com.mx\/wp-content\/uploads\/2025\/01\/img_2998-1.jpg","jetpack-related-posts":[],"jetpack_sharing_enabled":true,"amp_enabled":true,"_links":{"self":[{"href":"https:\/\/diarioavanzada.com.mx\/index.php?rest_route=\/wp\/v2\/posts\/70530","targetHints":{"allow":["GET"]}}],"collection":[{"href":"https:\/\/diarioavanzada.com.mx\/index.php?rest_route=\/wp\/v2\/posts"}],"about":[{"href":"https:\/\/diarioavanzada.com.mx\/index.php?rest_route=\/wp\/v2\/types\/post"}],"author":[{"embeddable":true,"href":"https:\/\/diarioavanzada.com.mx\/index.php?rest_route=\/wp\/v2\/users\/7"}],"replies":[{"embeddable":true,"href":"https:\/\/diarioavanzada.com.mx\/index.php?rest_route=%2Fwp%2Fv2%2Fcomments&post=70530"}],"version-history":[{"count":0,"href":"https:\/\/diarioavanzada.com.mx\/index.php?rest_route=\/wp\/v2\/posts\/70530\/revisions"}],"wp:featuredmedia":[{"embeddable":true,"href":"https:\/\/diarioavanzada.com.mx\/index.php?rest_route=\/wp\/v2\/media\/70529"}],"wp:attachment":[{"href":"https:\/\/diarioavanzada.com.mx\/index.php?rest_route=%2Fwp%2Fv2%2Fmedia&parent=70530"}],"wp:term":[{"taxonomy":"category","embeddable":true,"href":"https:\/\/diarioavanzada.com.mx\/index.php?rest_route=%2Fwp%2Fv2%2Fcategories&post=70530"},{"taxonomy":"post_tag","embeddable":true,"href":"https:\/\/diarioavanzada.com.mx\/index.php?rest_route=%2Fwp%2Fv2%2Ftags&post=70530"}],"curies":[{"name":"wp","href":"https:\/\/api.w.org\/{rel}","templated":true}]}}