{"id":70486,"date":"2025-01-07T08:45:32","date_gmt":"2025-01-07T14:45:32","guid":{"rendered":"https:\/\/diarioavanzada.com.mx\/?p=70486"},"modified":"2025-01-07T08:45:32","modified_gmt":"2025-01-07T14:45:32","slug":"colima-entre-los-estados-con-mayor-incumplimiento-de-medidas-cautelares-ong","status":"publish","type":"post","link":"https:\/\/diarioavanzada.com.mx\/?p=70486","title":{"rendered":"Colima, entre los estados con mayor incumplimiento de medidas cautelares: ONG"},"content":{"rendered":"\n<p class=\"wp-block-paragraph\">Colima, M\u00e9xico, Avanzada (07\/01\/2025).- Las medidas cautelares en M\u00e9xico son disposiciones legales que se imponen a personas imputadas durante el proceso penal para garantizar su comparancia ante la autoridad judicial, proteger a las v\u00edctimas o evitar la comisi\u00f3n de nuevos delitos. Estas medidas incluyen desde la prisi\u00f3n preventiva, el uso de brazaletes electr\u00f3nicos, la prohibici\u00f3n de salir de una localidad, hasta la obligaci\u00f3n de presentarse peri\u00f3dicamente ante un juez. Son fundamentales porque buscan equilibrar el derecho del imputado a enfrentar su proceso en libertad.<\/p>\n\n\n\n<p class=\"wp-block-paragraph\">Sin embargo, un reciente informe de la organizaci\u00f3n civil M\u00e9xico Eval\u00faa revel\u00f3 que, en Colima, el 36.18% de las 246 personas supervisadas en libertad durante 2023 incumplieron alguna medida cautelar, mientras que el 11.38% se sustrajo de la acci\u00f3n de la justicia. Estas cifras colocan al estado entre los de mayor incumplimiento a nivel nacional, junto a Morelos, Nayarit y Nuevo Le\u00f3n.<\/p>\n\n\n\n<p class=\"wp-block-paragraph\">El an\u00e1lisis, basado en datos proporcionados por las Unidades de Medidas Cautelares (Umeca), instancias responsables de la supervisi\u00f3n de personas sujetas a proceso penal fuera de prisi\u00f3n preventiva, mostr\u00f3 que el 48 por ciento de los casos supervisados en Colima incumplieron alguna medida. Este porcentaje supera significativamente el promedio nacional.<\/p>\n\n\n\n<p class=\"wp-block-paragraph\">En contraste, el informe destac\u00f3 que, en el \u00e1mbito del fuero federal, el incumplimiento fue considerablemente menor, afectando solo al 2.51% de las personas supervisadas. M\u00e9xico Eval\u00faa subray\u00f3 la importancia de analizar tanto las caracter\u00edsticas de las personas imputadas como los procedimientos para imponer medidas cautelares, especialmente en estados como Colima, donde los \u00edndices de incumplimiento y evasi\u00f3n superan el promedio nacional.<\/p>\n\n\n\n<p class=\"wp-block-paragraph\">El informe destac\u00f3 el papel de las Umeca en la supervisi\u00f3n de estas personas y la necesidad de fortalecer su funcionamiento para garantizar un sistema de justicia penal m\u00e1s eficaz. M\u00e9xico Eval\u00faa advirti\u00f3 que mejorar estos mecanismos es vital para evitar que los altos \u00edndices de incumplimiento afecten la confianza en el sistema judicial.<\/p>\n<div class=\"fb-background-color\">\n\t\t\t  <div \n\t\t\t  \tclass = \"fb-comments\" \n\t\t\t  \tdata-href = \"https:\/\/diarioavanzada.com.mx\/?p=70486\"\n\t\t\t  \tdata-numposts = \"10\"\n\t\t\t  \tdata-lazy = \"true\"\n\t\t\t\tdata-colorscheme = \"light\"\n\t\t\t\tdata-order-by = \"social\"\n\t\t\t\tdata-mobile=true>\n\t\t\t  <\/div><\/div>\n\t\t  <style>\n\t\t    .fb-background-color {\n\t\t\t\tbackground:  !important;\n\t\t\t}\n\t\t\t.fb_iframe_widget_fluid_desktop iframe {\n\t\t\t    width: 100% !important;\n\t\t\t}\n\t\t  <\/style>\n\t\t  ","protected":false},"excerpt":{"rendered":"<p>Colima, M\u00e9xico, Avanzada (07\/01\/2025).- Las medidas cautelares en M\u00e9xico son disposiciones legales que se imponen a personas imputadas durante el proceso penal para garantizar su comparancia ante la autoridad judicial, proteger a las v\u00edctimas o evitar la comisi\u00f3n de nuevos delitos. Estas medidas incluyen desde la prisi\u00f3n preventiva, el uso de brazaletes electr\u00f3nicos, la prohibici\u00f3n [&hellip;]<\/p>\n","protected":false},"author":5,"featured_media":70503,"comment_status":"closed","ping_status":"closed","sticky":false,"template":"","format":"standard","meta":{"_coblocks_attr":"","_coblocks_dimensions":"","_coblocks_responsive_height":"","_coblocks_accordion_ie_support":"","_crdt_document":"","advanced_seo_description":"","jetpack_seo_html_title":"","jetpack_seo_noindex":false,"_jetpack_memberships_contains_paid_content":false,"footnotes":""},"categories":[19,209,7,231],"tags":[],"class_list":["post-70486","post","type-post","status-publish","format-standard","has-post-thumbnail","hentry","category-colima","category-importantes","category-noticias","category-seguridad"],"jetpack_featured_media_url":"https:\/\/diarioavanzada.com.mx\/wp-content\/uploads\/2025\/01\/img_0123-1.jpg","jetpack-related-posts":[],"jetpack_sharing_enabled":true,"amp_enabled":true,"_links":{"self":[{"href":"https:\/\/diarioavanzada.com.mx\/index.php?rest_route=\/wp\/v2\/posts\/70486","targetHints":{"allow":["GET"]}}],"collection":[{"href":"https:\/\/diarioavanzada.com.mx\/index.php?rest_route=\/wp\/v2\/posts"}],"about":[{"href":"https:\/\/diarioavanzada.com.mx\/index.php?rest_route=\/wp\/v2\/types\/post"}],"author":[{"embeddable":true,"href":"https:\/\/diarioavanzada.com.mx\/index.php?rest_route=\/wp\/v2\/users\/5"}],"replies":[{"embeddable":true,"href":"https:\/\/diarioavanzada.com.mx\/index.php?rest_route=%2Fwp%2Fv2%2Fcomments&post=70486"}],"version-history":[{"count":1,"href":"https:\/\/diarioavanzada.com.mx\/index.php?rest_route=\/wp\/v2\/posts\/70486\/revisions"}],"predecessor-version":[{"id":70504,"href":"https:\/\/diarioavanzada.com.mx\/index.php?rest_route=\/wp\/v2\/posts\/70486\/revisions\/70504"}],"wp:featuredmedia":[{"embeddable":true,"href":"https:\/\/diarioavanzada.com.mx\/index.php?rest_route=\/wp\/v2\/media\/70503"}],"wp:attachment":[{"href":"https:\/\/diarioavanzada.com.mx\/index.php?rest_route=%2Fwp%2Fv2%2Fmedia&parent=70486"}],"wp:term":[{"taxonomy":"category","embeddable":true,"href":"https:\/\/diarioavanzada.com.mx\/index.php?rest_route=%2Fwp%2Fv2%2Fcategories&post=70486"},{"taxonomy":"post_tag","embeddable":true,"href":"https:\/\/diarioavanzada.com.mx\/index.php?rest_route=%2Fwp%2Fv2%2Ftags&post=70486"}],"curies":[{"name":"wp","href":"https:\/\/api.w.org\/{rel}","templated":true}]}}