{"id":70459,"date":"2025-01-06T21:07:33","date_gmt":"2025-01-07T03:07:33","guid":{"rendered":"https:\/\/diarioavanzada.com.mx\/?p=70459"},"modified":"2025-01-06T21:08:59","modified_gmt":"2025-01-07T03:08:59","slug":"la-sombra-del-silencio-tras-la-desaparicion-de-marco-cesar","status":"publish","type":"post","link":"https:\/\/diarioavanzada.com.mx\/?p=70459","title":{"rendered":"La sombra del silencio tras la desaparici\u00f3n de Marco C\u00e9sar"},"content":{"rendered":"\n<p class=\"p1 wp-block-paragraph\">Culiac\u00e1n, M\u00e9xico, Avanzada (06\/01\/2025).- El reloj marcaba las 11:30 de la ma\u00f1ana del 17 de diciembre de 2024 cuando Marco C\u00e9sar L\u00f3pez Beltr\u00e1n fue visto por \u00faltima vez. Vest\u00eda de negro: pantal\u00f3n de mezclilla, playera de cuello redondo y tenis que contrastaban con el bullicio colorido del mercado de abastos, un sitio donde la vida cotidiana suele mezclarse con los sonidos de camiones y voces apresuradas.<\/p>\n\n\n\n<p class=\"p1 wp-block-paragraph\">Ese d\u00eda, el mercado fue testigo de algo m\u00e1s que el ir y venir de clientes. Sujetos armados irrumpieron en el lugar y, ante la mirada at\u00f3nita de comerciantes y transe\u00fantes, se llevaron a Marco C\u00e9sar con rumbo desconocido. Desde entonces, el silencio ha sido el \u00fanico eco que rodea su caso.<\/p>\n\n\n\n<p class=\"p1 wp-block-paragraph\">Han pasado 20 d\u00edas y la incertidumbre pesa. Su familia, con el rostro marcado por el agotamiento, no deja de buscar respuestas. La ficha emitida por la Comisi\u00f3n Estatal de B\u00fasqueda de Personas solo confirma lo evidente: Marco C\u00e9sar, de 34 a\u00f1os, sigue desaparecido.<\/p>\n\n\n\n<p class=\"p1 wp-block-paragraph\">El mercado de abastos, antes tan lleno de vida, se ha convertido en un espacio cargado de preguntas. \u201c\u00bfQu\u00e9 pas\u00f3? \u00bfQui\u00e9nes eran? \u00bfPor qu\u00e9 \u00e9l?\u201d son murmullos que ahora acompa\u00f1an las transacciones diarias. Pero el tiempo avanza sin que las respuestas lleguen.<\/p>\n\n\n\n<p class=\"p1 wp-block-paragraph\">Las autoridades han abierto la l\u00ednea de ayuda al 6671841256, con la esperanza de que alguien pueda aportar una pista, un dato que permita arrojar luz sobre el paradero de Marco. Mientras tanto, su familia mantiene la fe. Cada llamada que reciben es un vaiv\u00e9n entre la esperanza y el miedo.<\/p>\n\n\n\n<p class=\"p1 wp-block-paragraph\">Culiac\u00e1n, como tantas otras ciudades, vive bajo la sombra de desapariciones que dejan huellas imborrables en quienes esperan. Marco C\u00e9sar es un nombre m\u00e1s en una lista que no deber\u00eda existir, una herida abierta en una sociedad que clama por justicia y paz.<\/p>\n\n\n\n<p class=\"p1 wp-block-paragraph\">\u00bfD\u00f3nde est\u00e1 Marco? La pregunta resuena y, con cada d\u00eda que pasa, la urgencia de responderla se convierte en un grito que no deber\u00eda ignorarse.<\/p>\n\n\n\n<figure class=\"wp-block-image size-large\"><img loading=\"lazy\" decoding=\"async\" width=\"791\" height=\"1024\" src=\"https:\/\/diarioavanzada.com.mx\/wp-content\/uploads\/2025\/01\/img_6270-1-791x1024.jpg\" alt=\"\" class=\"wp-image-70458\" srcset=\"https:\/\/diarioavanzada.com.mx\/wp-content\/uploads\/2025\/01\/img_6270-1-791x1024.jpg 791w, https:\/\/diarioavanzada.com.mx\/wp-content\/uploads\/2025\/01\/img_6270-1-232x300.jpg 232w, https:\/\/diarioavanzada.com.mx\/wp-content\/uploads\/2025\/01\/img_6270-1-768x994.jpg 768w, https:\/\/diarioavanzada.com.mx\/wp-content\/uploads\/2025\/01\/img_6270-1-1187x1536.jpg 1187w, https:\/\/diarioavanzada.com.mx\/wp-content\/uploads\/2025\/01\/img_6270-1.jpg 1236w\" sizes=\"auto, (max-width: 791px) 100vw, 791px\" \/><\/figure>\n<div class=\"fb-background-color\">\n\t\t\t  <div \n\t\t\t  \tclass = \"fb-comments\" \n\t\t\t  \tdata-href = \"https:\/\/diarioavanzada.com.mx\/?p=70459\"\n\t\t\t  \tdata-numposts = \"10\"\n\t\t\t  \tdata-lazy = \"true\"\n\t\t\t\tdata-colorscheme = \"light\"\n\t\t\t\tdata-order-by = \"social\"\n\t\t\t\tdata-mobile=true>\n\t\t\t  <\/div><\/div>\n\t\t  <style>\n\t\t    .fb-background-color {\n\t\t\t\tbackground:  !important;\n\t\t\t}\n\t\t\t.fb_iframe_widget_fluid_desktop iframe {\n\t\t\t    width: 100% !important;\n\t\t\t}\n\t\t  <\/style>\n\t\t  ","protected":false},"excerpt":{"rendered":"<p>Culiac\u00e1n, M\u00e9xico, Avanzada (06\/01\/2025).- El reloj marcaba las 11:30 de la ma\u00f1ana del 17 de diciembre de 2024 cuando Marco C\u00e9sar L\u00f3pez Beltr\u00e1n fue visto por \u00faltima vez. Vest\u00eda de negro: pantal\u00f3n de mezclilla, playera de cuello redondo y tenis que contrastaban con el bullicio colorido del mercado de abastos, un sitio donde la vida [&hellip;]<\/p>\n","protected":false},"author":7,"featured_media":70457,"comment_status":"closed","ping_status":"closed","sticky":false,"template":"","format":"standard","meta":{"_coblocks_attr":"","_coblocks_dimensions":"","_coblocks_responsive_height":"","_coblocks_accordion_ie_support":"","_crdt_document":"","advanced_seo_description":"","jetpack_seo_html_title":"","jetpack_seo_noindex":false,"_jetpack_memberships_contains_paid_content":false,"footnotes":""},"categories":[22,7,231],"tags":[],"class_list":["post-70459","post","type-post","status-publish","format-standard","has-post-thumbnail","hentry","category-nacion","category-noticias","category-seguridad"],"jetpack_featured_media_url":"https:\/\/diarioavanzada.com.mx\/wp-content\/uploads\/2025\/01\/img_6271-1.jpg","jetpack-related-posts":[],"jetpack_sharing_enabled":true,"amp_enabled":true,"_links":{"self":[{"href":"https:\/\/diarioavanzada.com.mx\/index.php?rest_route=\/wp\/v2\/posts\/70459","targetHints":{"allow":["GET"]}}],"collection":[{"href":"https:\/\/diarioavanzada.com.mx\/index.php?rest_route=\/wp\/v2\/posts"}],"about":[{"href":"https:\/\/diarioavanzada.com.mx\/index.php?rest_route=\/wp\/v2\/types\/post"}],"author":[{"embeddable":true,"href":"https:\/\/diarioavanzada.com.mx\/index.php?rest_route=\/wp\/v2\/users\/7"}],"replies":[{"embeddable":true,"href":"https:\/\/diarioavanzada.com.mx\/index.php?rest_route=%2Fwp%2Fv2%2Fcomments&post=70459"}],"version-history":[{"count":1,"href":"https:\/\/diarioavanzada.com.mx\/index.php?rest_route=\/wp\/v2\/posts\/70459\/revisions"}],"predecessor-version":[{"id":70460,"href":"https:\/\/diarioavanzada.com.mx\/index.php?rest_route=\/wp\/v2\/posts\/70459\/revisions\/70460"}],"wp:featuredmedia":[{"embeddable":true,"href":"https:\/\/diarioavanzada.com.mx\/index.php?rest_route=\/wp\/v2\/media\/70457"}],"wp:attachment":[{"href":"https:\/\/diarioavanzada.com.mx\/index.php?rest_route=%2Fwp%2Fv2%2Fmedia&parent=70459"}],"wp:term":[{"taxonomy":"category","embeddable":true,"href":"https:\/\/diarioavanzada.com.mx\/index.php?rest_route=%2Fwp%2Fv2%2Fcategories&post=70459"},{"taxonomy":"post_tag","embeddable":true,"href":"https:\/\/diarioavanzada.com.mx\/index.php?rest_route=%2Fwp%2Fv2%2Ftags&post=70459"}],"curies":[{"name":"wp","href":"https:\/\/api.w.org\/{rel}","templated":true}]}}