{"id":70368,"date":"2025-01-06T07:46:22","date_gmt":"2025-01-06T13:46:22","guid":{"rendered":"https:\/\/diarioavanzada.com.mx\/?p=70368"},"modified":"2025-01-06T07:49:46","modified_gmt":"2025-01-06T13:49:46","slug":"la-transparencia-no-desaparecera-pese-a-extincion-del-inai-diputada","status":"publish","type":"post","link":"https:\/\/diarioavanzada.com.mx\/?p=70368","title":{"rendered":"La transparencia no desaparecer\u00e1 pese a extinci\u00f3n del INAI: Diputada"},"content":{"rendered":"\n<p class=\"wp-block-paragraph\">Colima, M\u00e9xico, Avanzada (06\/01\/2025).- Mientras a nivel nacional se avanza hacia la desaparici\u00f3n del Instituto Nacional de Transparencia, Acceso a la Informaci\u00f3n y Protecci\u00f3n de Datos Personales (INAI), en Colima, la diputada local Priscila Garc\u00eda Delgado, expresidenta de la Comisi\u00f3n de Transparencia en la pasada legislatura, asegur\u00f3 que la transparencia ciudadana seguir\u00e1 vigente.<\/p>\n\n\n\n<p class=\"wp-block-paragraph\">En entrevista, la legisladora del Partido del Trabajo (PT) afirm\u00f3 que la desaparici\u00f3n de \u00f3rganos aut\u00f3nomos no comprometer\u00e1 el derecho de los ciudadanos a acceder a la informaci\u00f3n p\u00fablica. \u201cLa transparencia no desaparece. Los mecanismos ciudadanos continuar\u00e1n para garantizar este derecho fundamental\u201d, destac\u00f3.<\/p>\n\n\n\n<p class=\"wp-block-paragraph\">Garc\u00eda Delgado subray\u00f3 que es crucial mantener y fortalecer las herramientas de acceso a la informaci\u00f3n. Explic\u00f3 que las contralor\u00edas estatales asumir\u00e1n la responsabilidad de garantizar la fiscalizaci\u00f3n y supervisi\u00f3n de la transparencia, asegurando que estos procesos est\u00e9n al alcance de la ciudadan\u00eda.<\/p>\n\n\n\n<p class=\"wp-block-paragraph\">Respecto a Colima, Garc\u00eda Delgado reconoci\u00f3 que se ha planteado la posibilidad de hacer aut\u00f3noma a la Contralor\u00eda estatal para que no dependa del Poder Ejecutivo, pero advirti\u00f3 que es una decisi\u00f3n compleja. \u201cEsto implica una gran responsabilidad en la vigilancia de los recursos p\u00fablicos y debe analizarse cuidadosamente\u201d, explic\u00f3.<\/p>\n\n\n\n<p class=\"wp-block-paragraph\">La legisladora reiter\u00f3 que las medidas impulsadas desde la \u201ccuarta transformaci\u00f3n\u201d buscan erradicar malas pr\u00e1cticas sin limitar el derecho de los ciudadanos. Asegur\u00f3 que los derechos, como el recurso de amparo y revisi\u00f3n, permanecen intactos, lo que garantiza a la ciudadan\u00eda herramientas para exigir cuentas claras.<\/p>\n\n\n\n<p class=\"wp-block-paragraph\">\u201cEstamos a favor de fortalecer los mecanismos de transparencia para que los ciudadanos puedan acceder a informaci\u00f3n p\u00fablica de manera clara y efectiva\u201d, concluy\u00f3 Garc\u00eda Delgado, destacando que en Colima, la transparencia seguir\u00e1 siendo un pilar en la rendici\u00f3n de cuentas.<\/p>\n<div class=\"fb-background-color\">\n\t\t\t  <div \n\t\t\t  \tclass = \"fb-comments\" \n\t\t\t  \tdata-href = \"https:\/\/diarioavanzada.com.mx\/?p=70368\"\n\t\t\t  \tdata-numposts = \"10\"\n\t\t\t  \tdata-lazy = \"true\"\n\t\t\t\tdata-colorscheme = \"light\"\n\t\t\t\tdata-order-by = \"social\"\n\t\t\t\tdata-mobile=true>\n\t\t\t  <\/div><\/div>\n\t\t  <style>\n\t\t    .fb-background-color {\n\t\t\t\tbackground:  !important;\n\t\t\t}\n\t\t\t.fb_iframe_widget_fluid_desktop iframe {\n\t\t\t    width: 100% !important;\n\t\t\t}\n\t\t  <\/style>\n\t\t  ","protected":false},"excerpt":{"rendered":"<p>Colima, M\u00e9xico, Avanzada (06\/01\/2025).- Mientras a nivel nacional se avanza hacia la desaparici\u00f3n del Instituto Nacional de Transparencia, Acceso a la Informaci\u00f3n y Protecci\u00f3n de Datos Personales (INAI), en Colima, la diputada local Priscila Garc\u00eda Delgado, expresidenta de la Comisi\u00f3n de Transparencia en la pasada legislatura, asegur\u00f3 que la transparencia ciudadana seguir\u00e1 vigente. En entrevista, [&hellip;]<\/p>\n","protected":false},"author":5,"featured_media":70387,"comment_status":"closed","ping_status":"closed","sticky":false,"template":"","format":"standard","meta":{"_coblocks_attr":"","_coblocks_dimensions":"","_coblocks_responsive_height":"","_coblocks_accordion_ie_support":"","_crdt_document":"","advanced_seo_description":"","jetpack_seo_html_title":"","jetpack_seo_noindex":false,"_jetpack_memberships_contains_paid_content":false,"footnotes":""},"categories":[19,209,7],"tags":[],"class_list":["post-70368","post","type-post","status-publish","format-standard","has-post-thumbnail","hentry","category-colima","category-importantes","category-noticias"],"jetpack_featured_media_url":"https:\/\/diarioavanzada.com.mx\/wp-content\/uploads\/2025\/01\/img_0113-1.png","jetpack-related-posts":[],"jetpack_sharing_enabled":true,"amp_enabled":true,"_links":{"self":[{"href":"https:\/\/diarioavanzada.com.mx\/index.php?rest_route=\/wp\/v2\/posts\/70368","targetHints":{"allow":["GET"]}}],"collection":[{"href":"https:\/\/diarioavanzada.com.mx\/index.php?rest_route=\/wp\/v2\/posts"}],"about":[{"href":"https:\/\/diarioavanzada.com.mx\/index.php?rest_route=\/wp\/v2\/types\/post"}],"author":[{"embeddable":true,"href":"https:\/\/diarioavanzada.com.mx\/index.php?rest_route=\/wp\/v2\/users\/5"}],"replies":[{"embeddable":true,"href":"https:\/\/diarioavanzada.com.mx\/index.php?rest_route=%2Fwp%2Fv2%2Fcomments&post=70368"}],"version-history":[{"count":5,"href":"https:\/\/diarioavanzada.com.mx\/index.php?rest_route=\/wp\/v2\/posts\/70368\/revisions"}],"predecessor-version":[{"id":70391,"href":"https:\/\/diarioavanzada.com.mx\/index.php?rest_route=\/wp\/v2\/posts\/70368\/revisions\/70391"}],"wp:featuredmedia":[{"embeddable":true,"href":"https:\/\/diarioavanzada.com.mx\/index.php?rest_route=\/wp\/v2\/media\/70387"}],"wp:attachment":[{"href":"https:\/\/diarioavanzada.com.mx\/index.php?rest_route=%2Fwp%2Fv2%2Fmedia&parent=70368"}],"wp:term":[{"taxonomy":"category","embeddable":true,"href":"https:\/\/diarioavanzada.com.mx\/index.php?rest_route=%2Fwp%2Fv2%2Fcategories&post=70368"},{"taxonomy":"post_tag","embeddable":true,"href":"https:\/\/diarioavanzada.com.mx\/index.php?rest_route=%2Fwp%2Fv2%2Ftags&post=70368"}],"curies":[{"name":"wp","href":"https:\/\/api.w.org\/{rel}","templated":true}]}}