{"id":70367,"date":"2025-01-06T06:52:57","date_gmt":"2025-01-06T12:52:57","guid":{"rendered":"https:\/\/diarioavanzada.com.mx\/?p=70367"},"modified":"2025-01-06T06:52:57","modified_gmt":"2025-01-06T12:52:57","slug":"inicia-reforma-al-poder-judicial-en-colima-elegiran-a-jueces-y-magistrados-en-junio","status":"publish","type":"post","link":"https:\/\/diarioavanzada.com.mx\/?p=70367","title":{"rendered":"Inicia reforma al Poder Judicial en Colima; elegir\u00e1n a jueces y magistrados en junio"},"content":{"rendered":"\n<p class=\"MsoNormal wp-block-paragraph\">Colima, M\u00e9xico, Avanzada (06\/01\/2025).- Al igual que a nivel nacional, en Colima los diputados locales buscan reformar el Poder Judicial del Estado para que los magistrados y jueces sean electos por el voto popular el pr\u00f3ximo mes de junio.<\/p>\n\n\n\n<p class=\"MsoNormal wp-block-paragraph\">La iniciativa de reforma constitucional fue presentada por la diputada, Andrea Naranjo Alcaraz el pasado 2 de enero, pero tiene la firma de 18 de los 25 diputados locales, por lo que cuenta con el respaldo de la mayor\u00eda de los legisladores.<\/p>\n\n\n\n<p class=\"MsoNormal wp-block-paragraph\">La propuesta pretende modificar diversos art\u00edculos de la Constituci\u00f3n local y entre los puntos m\u00e1s relevantes destaca la renovaci\u00f3n de la totalidad de los cargos de elecci\u00f3n en el Poder Judicial de la entidad.<\/p>\n\n\n\n<p class=\"MsoNormal wp-block-paragraph\">Al igual que a nivel nacional, la propuesta de reforma constitucional propone la creaci\u00f3n de un Tribunal de Disciplina Judicial, conformado por cinco magistrados electos por los ciudadanos de la entidad.&nbsp;<\/p>\n\n\n\n<p class=\"MsoNormal wp-block-paragraph\">La propuesta menciona que los magistrados y jueces de primera instancia ser\u00e1n electos por un periodo de nueve a\u00f1os en el proceso de elecci\u00f3n extraordinario de junio pr\u00f3ximo &nbsp;y tendr\u00e1n la posibilidad de relegirse una vez que concluya su periodo.&nbsp;<\/p>\n\n\n\n<p class=\"MsoNormal wp-block-paragraph\">Tambi\u00e9n establece que la elecci\u00f3n ser\u00e1 el primero domingo de junio de este a\u00f1o, \u201cpor lo que el proceso electoral extraordinario comenzar\u00e1 con la entrada en vigor del presente decreto\u201d, seg\u00fan el proyecto que ser\u00e1 presentado al pleno del Congreso para su votaci\u00f3n en los pr\u00f3ximos d\u00edas.&nbsp;<\/p>\n\n\n\n<p class=\"MsoNormal wp-block-paragraph\">Puntualiza que se elegir\u00e1n diez magistraturas; cinco hombres y cinco mujeres quienes conformar\u00e1n el Tribunal Superior de Justicia del Estado. En cuanto a los juzgados, la mitad ser\u00e1 para hombres y la otra mitad para mujeres.<\/p>\n\n\n\n<p class=\"MsoNormal wp-block-paragraph\">Seg\u00fan el proyecto, en Colima&nbsp;ser\u00e1 el Instituto Electoral del Estado (IEE) quien se encargue del proceso de elecci\u00f3n de los magistrados y jueces del Poder Judicial del Estado y los encargados de convocar a la ciudadan\u00eda a las urnas.<\/p>\n\n\n\n<p class=\"MsoNormal wp-block-paragraph\">En el proyecto, se especifica que los magistrados y jueces actuales&nbsp;formar\u00e1n parte de los listados para participar en la elecci\u00f3n extraordinaria de este a\u00f1o, a menos que declinen a esa posibilidad.<\/p>\n\n\n\n<p class=\"MsoNormal wp-block-paragraph\">Las personas electas tomar\u00e1n protesta del cargo en octubre.&nbsp;<\/p>\n<div class=\"fb-background-color\">\n\t\t\t  <div \n\t\t\t  \tclass = \"fb-comments\" \n\t\t\t  \tdata-href = \"https:\/\/diarioavanzada.com.mx\/?p=70367\"\n\t\t\t  \tdata-numposts = \"10\"\n\t\t\t  \tdata-lazy = \"true\"\n\t\t\t\tdata-colorscheme = \"light\"\n\t\t\t\tdata-order-by = \"social\"\n\t\t\t\tdata-mobile=true>\n\t\t\t  <\/div><\/div>\n\t\t  <style>\n\t\t    .fb-background-color {\n\t\t\t\tbackground:  !important;\n\t\t\t}\n\t\t\t.fb_iframe_widget_fluid_desktop iframe {\n\t\t\t    width: 100% !important;\n\t\t\t}\n\t\t  <\/style>\n\t\t  ","protected":false},"excerpt":{"rendered":"<p>Colima, M\u00e9xico, Avanzada (06\/01\/2025).- Al igual que a nivel nacional, en Colima los diputados locales buscan reformar el Poder Judicial del Estado para que los magistrados y jueces sean electos por el voto popular el pr\u00f3ximo mes de junio. La iniciativa de reforma constitucional fue presentada por la diputada, Andrea Naranjo Alcaraz el pasado 2 [&hellip;]<\/p>\n","protected":false},"author":5,"featured_media":70375,"comment_status":"closed","ping_status":"closed","sticky":false,"template":"","format":"standard","meta":{"_coblocks_attr":"","_coblocks_dimensions":"","_coblocks_responsive_height":"","_coblocks_accordion_ie_support":"","_crdt_document":"","advanced_seo_description":"","jetpack_seo_html_title":"","jetpack_seo_noindex":false,"_jetpack_memberships_contains_paid_content":false,"footnotes":""},"categories":[19,209,7],"tags":[],"class_list":["post-70367","post","type-post","status-publish","format-standard","has-post-thumbnail","hentry","category-colima","category-importantes","category-noticias"],"jetpack_featured_media_url":"https:\/\/diarioavanzada.com.mx\/wp-content\/uploads\/2025\/01\/img_0110-1.jpg","jetpack-related-posts":[],"jetpack_sharing_enabled":true,"amp_enabled":true,"_links":{"self":[{"href":"https:\/\/diarioavanzada.com.mx\/index.php?rest_route=\/wp\/v2\/posts\/70367","targetHints":{"allow":["GET"]}}],"collection":[{"href":"https:\/\/diarioavanzada.com.mx\/index.php?rest_route=\/wp\/v2\/posts"}],"about":[{"href":"https:\/\/diarioavanzada.com.mx\/index.php?rest_route=\/wp\/v2\/types\/post"}],"author":[{"embeddable":true,"href":"https:\/\/diarioavanzada.com.mx\/index.php?rest_route=\/wp\/v2\/users\/5"}],"replies":[{"embeddable":true,"href":"https:\/\/diarioavanzada.com.mx\/index.php?rest_route=%2Fwp%2Fv2%2Fcomments&post=70367"}],"version-history":[{"count":2,"href":"https:\/\/diarioavanzada.com.mx\/index.php?rest_route=\/wp\/v2\/posts\/70367\/revisions"}],"predecessor-version":[{"id":70376,"href":"https:\/\/diarioavanzada.com.mx\/index.php?rest_route=\/wp\/v2\/posts\/70367\/revisions\/70376"}],"wp:featuredmedia":[{"embeddable":true,"href":"https:\/\/diarioavanzada.com.mx\/index.php?rest_route=\/wp\/v2\/media\/70375"}],"wp:attachment":[{"href":"https:\/\/diarioavanzada.com.mx\/index.php?rest_route=%2Fwp%2Fv2%2Fmedia&parent=70367"}],"wp:term":[{"taxonomy":"category","embeddable":true,"href":"https:\/\/diarioavanzada.com.mx\/index.php?rest_route=%2Fwp%2Fv2%2Fcategories&post=70367"},{"taxonomy":"post_tag","embeddable":true,"href":"https:\/\/diarioavanzada.com.mx\/index.php?rest_route=%2Fwp%2Fv2%2Ftags&post=70367"}],"curies":[{"name":"wp","href":"https:\/\/api.w.org\/{rel}","templated":true}]}}