{"id":70332,"date":"2025-01-05T17:51:08","date_gmt":"2025-01-05T23:51:08","guid":{"rendered":"https:\/\/diarioavanzada.com.mx\/?p=70332"},"modified":"2025-01-05T17:51:08","modified_gmt":"2025-01-05T23:51:08","slug":"mexicana-de-aviacion-cancela-vuelos-a-ocho-destinos-turisticos-a-partir-del-6-de-enero","status":"publish","type":"post","link":"https:\/\/diarioavanzada.com.mx\/?p=70332","title":{"rendered":"Mexicana de Aviaci\u00f3n cancela vuelos a ocho destinos tur\u00edsticos a partir del 6 de enero"},"content":{"rendered":"\n<p class=\"p1 wp-block-paragraph\">Ciudad de M\u00e9xico, Avanzada (05\/01\/2025).- La aerol\u00ednea estatal Mexicana de Aviaci\u00f3n anunci\u00f3 la cancelaci\u00f3n de vuelos desde y hacia Acapulco, Campeche, Guadalajara, Ixtapa, Nuevo Laredo, Puerto Vallarta, Uruapan y Villahermosa, a partir del 6 de enero de 2025. La informaci\u00f3n fue difundida a trav\u00e9s de su portal de reservas, donde tambi\u00e9n se ofrecieron opciones para reembolsos o cambios de ruta mediante un c\u00f3digo QR y un n\u00famero de atenci\u00f3n telef\u00f3nica.<\/p>\n\n\n\n<p class=\"p1 wp-block-paragraph\">La l\u00ednea a\u00e9rea, relanzada en 2023 por el gobierno mexicano tras a\u00f1os de inactividad, no ha dado explicaciones sobre los motivos detr\u00e1s de estas cancelaciones, generando incertidumbre entre los usuarios. Tampoco se reporta que alguna dependencia gubernamental haya informado previamente sobre esta decisi\u00f3n, lo que ha causado preocupaci\u00f3n por la afectaci\u00f3n en la conectividad con importantes destinos tur\u00edsticos.<\/p>\n\n\n\n<p class=\"p1 wp-block-paragraph\">Mexicana de Aviaci\u00f3n, con un legado de m\u00e1s de un siglo, enfrenta nuevos desaf\u00edos en su objetivo de recuperar su posici\u00f3n como l\u00edder en el transporte a\u00e9reo nacional.<\/p>\n<div class=\"fb-background-color\">\n\t\t\t  <div \n\t\t\t  \tclass = \"fb-comments\" \n\t\t\t  \tdata-href = \"https:\/\/diarioavanzada.com.mx\/?p=70332\"\n\t\t\t  \tdata-numposts = \"10\"\n\t\t\t  \tdata-lazy = \"true\"\n\t\t\t\tdata-colorscheme = \"light\"\n\t\t\t\tdata-order-by = \"social\"\n\t\t\t\tdata-mobile=true>\n\t\t\t  <\/div><\/div>\n\t\t  <style>\n\t\t    .fb-background-color {\n\t\t\t\tbackground:  !important;\n\t\t\t}\n\t\t\t.fb_iframe_widget_fluid_desktop iframe {\n\t\t\t    width: 100% !important;\n\t\t\t}\n\t\t  <\/style>\n\t\t  ","protected":false},"excerpt":{"rendered":"<p>Ciudad de M\u00e9xico, Avanzada (05\/01\/2025).- La aerol\u00ednea estatal Mexicana de Aviaci\u00f3n anunci\u00f3 la cancelaci\u00f3n de vuelos desde y hacia Acapulco, Campeche, Guadalajara, Ixtapa, Nuevo Laredo, Puerto Vallarta, Uruapan y Villahermosa, a partir del 6 de enero de 2025. La informaci\u00f3n fue difundida a trav\u00e9s de su portal de reservas, donde tambi\u00e9n se ofrecieron opciones para [&hellip;]<\/p>\n","protected":false},"author":7,"featured_media":70331,"comment_status":"closed","ping_status":"closed","sticky":false,"template":"","format":"standard","meta":{"_coblocks_attr":"","_coblocks_dimensions":"","_coblocks_responsive_height":"","_coblocks_accordion_ie_support":"","_crdt_document":"","advanced_seo_description":"","jetpack_seo_html_title":"","jetpack_seo_noindex":false,"_jetpack_memberships_contains_paid_content":false,"footnotes":""},"categories":[22,7],"tags":[],"class_list":["post-70332","post","type-post","status-publish","format-standard","has-post-thumbnail","hentry","category-nacion","category-noticias"],"jetpack_featured_media_url":"https:\/\/diarioavanzada.com.mx\/wp-content\/uploads\/2025\/01\/img_2849-1.jpg","jetpack-related-posts":[],"jetpack_sharing_enabled":true,"amp_enabled":true,"_links":{"self":[{"href":"https:\/\/diarioavanzada.com.mx\/index.php?rest_route=\/wp\/v2\/posts\/70332","targetHints":{"allow":["GET"]}}],"collection":[{"href":"https:\/\/diarioavanzada.com.mx\/index.php?rest_route=\/wp\/v2\/posts"}],"about":[{"href":"https:\/\/diarioavanzada.com.mx\/index.php?rest_route=\/wp\/v2\/types\/post"}],"author":[{"embeddable":true,"href":"https:\/\/diarioavanzada.com.mx\/index.php?rest_route=\/wp\/v2\/users\/7"}],"replies":[{"embeddable":true,"href":"https:\/\/diarioavanzada.com.mx\/index.php?rest_route=%2Fwp%2Fv2%2Fcomments&post=70332"}],"version-history":[{"count":0,"href":"https:\/\/diarioavanzada.com.mx\/index.php?rest_route=\/wp\/v2\/posts\/70332\/revisions"}],"wp:featuredmedia":[{"embeddable":true,"href":"https:\/\/diarioavanzada.com.mx\/index.php?rest_route=\/wp\/v2\/media\/70331"}],"wp:attachment":[{"href":"https:\/\/diarioavanzada.com.mx\/index.php?rest_route=%2Fwp%2Fv2%2Fmedia&parent=70332"}],"wp:term":[{"taxonomy":"category","embeddable":true,"href":"https:\/\/diarioavanzada.com.mx\/index.php?rest_route=%2Fwp%2Fv2%2Fcategories&post=70332"},{"taxonomy":"post_tag","embeddable":true,"href":"https:\/\/diarioavanzada.com.mx\/index.php?rest_route=%2Fwp%2Fv2%2Ftags&post=70332"}],"curies":[{"name":"wp","href":"https:\/\/api.w.org\/{rel}","templated":true}]}}