{"id":70330,"date":"2025-01-05T17:05:46","date_gmt":"2025-01-05T23:05:46","guid":{"rendered":"https:\/\/diarioavanzada.com.mx\/?p=70330"},"modified":"2025-01-05T17:05:46","modified_gmt":"2025-01-05T23:05:46","slug":"ocho-delincuentes-abatidos-tras-enfrentamiento-con-policias-en-bacum","status":"publish","type":"post","link":"https:\/\/diarioavanzada.com.mx\/?p=70330","title":{"rendered":"Ocho delincuentes abatidos tras enfrentamiento con polic\u00edas en B\u00e1cum"},"content":{"rendered":"\n<p class=\"p1 wp-block-paragraph\">Sonora, M\u00e9xico, Avanzada (05\/01\/2025).- Ocho presuntos generadores de violencia fueron abatidos por agentes de la Agencia Ministerial de Investigaci\u00f3n Criminal (AMIC) de la Fiscal\u00eda General de Justicia del Estado de Sonora (FGJES), tras un enfrentamiento armado registrado en el municipio de B\u00e1cum el pasado s\u00e1bado.<\/p>\n\n\n\n<p class=\"p1 wp-block-paragraph\">El operativo ten\u00eda como objetivo cumplimentar \u00f3rdenes de aprehensi\u00f3n contra Jos\u00e9 Alonso Borb\u00f3n Ortiz, alias \u201cEl Chapo Valle\u201d, y Brandon Antonio Garc\u00eda Cejudo, alias \u201cSipi\u201d, se\u00f1alados por delitos como asociaci\u00f3n delictuosa y desaparici\u00f3n forzada con resultado de muerte.<\/p>\n\n\n\n<p class=\"p1 wp-block-paragraph\">Los agentes fueron atacados con armas largas desde dos viviendas y veh\u00edculos en movimiento, desat\u00e1ndose una persecuci\u00f3n que concluy\u00f3 en las inmediaciones de la calle 100 y calle 14, donde una camioneta Toyota Tacoma, reportada como robada, qued\u00f3 atascada en un canal de riego. Los ocupantes abrieron fuego contra las autoridades, quienes repelieron la agresi\u00f3n, dejando como saldo ocho delincuentes neutralizados.<\/p>\n\n\n\n<p class=\"p1 wp-block-paragraph\">En el lugar se aseguraron armas largas, cargadores, metanfetaminas y veh\u00edculos utilizados por los agresores. La FGJES, en coordinaci\u00f3n con la Mesa de Seguridad, contin\u00faa investigando para localizar a otros posibles grupos delictivos en la regi\u00f3n.<\/p>\n\n\n\n<p class=\"p1 wp-block-paragraph\"><\/p>\n<div class=\"fb-background-color\">\n\t\t\t  <div \n\t\t\t  \tclass = \"fb-comments\" \n\t\t\t  \tdata-href = \"https:\/\/diarioavanzada.com.mx\/?p=70330\"\n\t\t\t  \tdata-numposts = \"10\"\n\t\t\t  \tdata-lazy = \"true\"\n\t\t\t\tdata-colorscheme = \"light\"\n\t\t\t\tdata-order-by = \"social\"\n\t\t\t\tdata-mobile=true>\n\t\t\t  <\/div><\/div>\n\t\t  <style>\n\t\t    .fb-background-color {\n\t\t\t\tbackground:  !important;\n\t\t\t}\n\t\t\t.fb_iframe_widget_fluid_desktop iframe {\n\t\t\t    width: 100% !important;\n\t\t\t}\n\t\t  <\/style>\n\t\t  ","protected":false},"excerpt":{"rendered":"<p>Sonora, M\u00e9xico, Avanzada (05\/01\/2025).- Ocho presuntos generadores de violencia fueron abatidos por agentes de la Agencia Ministerial de Investigaci\u00f3n Criminal (AMIC) de la Fiscal\u00eda General de Justicia del Estado de Sonora (FGJES), tras un enfrentamiento armado registrado en el municipio de B\u00e1cum el pasado s\u00e1bado. El operativo ten\u00eda como objetivo cumplimentar \u00f3rdenes de aprehensi\u00f3n contra [&hellip;]<\/p>\n","protected":false},"author":7,"featured_media":70329,"comment_status":"closed","ping_status":"closed","sticky":false,"template":"","format":"standard","meta":{"_coblocks_attr":"","_coblocks_dimensions":"","_coblocks_responsive_height":"","_coblocks_accordion_ie_support":"","_crdt_document":"","advanced_seo_description":"","jetpack_seo_html_title":"","jetpack_seo_noindex":false,"_jetpack_memberships_contains_paid_content":false,"footnotes":""},"categories":[22,231],"tags":[],"class_list":["post-70330","post","type-post","status-publish","format-standard","has-post-thumbnail","hentry","category-nacion","category-seguridad"],"jetpack_featured_media_url":"https:\/\/diarioavanzada.com.mx\/wp-content\/uploads\/2025\/01\/img_2843-1.jpg","jetpack-related-posts":[],"jetpack_sharing_enabled":true,"amp_enabled":true,"_links":{"self":[{"href":"https:\/\/diarioavanzada.com.mx\/index.php?rest_route=\/wp\/v2\/posts\/70330","targetHints":{"allow":["GET"]}}],"collection":[{"href":"https:\/\/diarioavanzada.com.mx\/index.php?rest_route=\/wp\/v2\/posts"}],"about":[{"href":"https:\/\/diarioavanzada.com.mx\/index.php?rest_route=\/wp\/v2\/types\/post"}],"author":[{"embeddable":true,"href":"https:\/\/diarioavanzada.com.mx\/index.php?rest_route=\/wp\/v2\/users\/7"}],"replies":[{"embeddable":true,"href":"https:\/\/diarioavanzada.com.mx\/index.php?rest_route=%2Fwp%2Fv2%2Fcomments&post=70330"}],"version-history":[{"count":0,"href":"https:\/\/diarioavanzada.com.mx\/index.php?rest_route=\/wp\/v2\/posts\/70330\/revisions"}],"wp:featuredmedia":[{"embeddable":true,"href":"https:\/\/diarioavanzada.com.mx\/index.php?rest_route=\/wp\/v2\/media\/70329"}],"wp:attachment":[{"href":"https:\/\/diarioavanzada.com.mx\/index.php?rest_route=%2Fwp%2Fv2%2Fmedia&parent=70330"}],"wp:term":[{"taxonomy":"category","embeddable":true,"href":"https:\/\/diarioavanzada.com.mx\/index.php?rest_route=%2Fwp%2Fv2%2Fcategories&post=70330"},{"taxonomy":"post_tag","embeddable":true,"href":"https:\/\/diarioavanzada.com.mx\/index.php?rest_route=%2Fwp%2Fv2%2Ftags&post=70330"}],"curies":[{"name":"wp","href":"https:\/\/api.w.org\/{rel}","templated":true}]}}