{"id":70308,"date":"2025-01-05T08:09:19","date_gmt":"2025-01-05T14:09:19","guid":{"rendered":"https:\/\/diarioavanzada.com.mx\/?p=70308"},"modified":"2025-01-05T08:09:19","modified_gmt":"2025-01-05T14:09:19","slug":"para-este-dia-colima-alcanzara-entre-35-y-40-c-en-la-costa-y-heladas-en-zonas-altas","status":"publish","type":"post","link":"https:\/\/diarioavanzada.com.mx\/?p=70308","title":{"rendered":"Para este d\u00eda, Colima alcanzar\u00e1 entre 35 y 40 \u00b0C en la costa y heladas en zonas altas"},"content":{"rendered":"\n<p class=\"p1 wp-block-paragraph\">Colima, M\u00e9xico, Avanzada (05\/01\/2025).- En Colima, se espera un d\u00eda con condiciones variadas debido a los sistemas meteorol\u00f3gicos que afectan al pa\u00eds. Durante la ma\u00f1ana, el cielo estar\u00e1 despejado a medio nublado, con un ambiente fresco en general, mientras que en las costas prevalecer\u00e1 un clima templado.<\/p>\n\n\n\n<p class=\"p1 wp-block-paragraph\">Por la tarde, las temperaturas alcanzar\u00e1n valores calurosos, con m\u00e1ximas de entre 35 y 40 \u00b0C en algunas zonas del estado. En contraste, en \u00e1reas m\u00e1s altas el clima ser\u00e1 m\u00e1s fresco.<\/p>\n\n\n\n<p class=\"p1 wp-block-paragraph\">Se pronostica cielo medio nublado a nublado con posibilidad de lluvias aisladas en diversas partes del estado. Estas precipitaciones podr\u00edan estar acompa\u00f1adas de descargas el\u00e9ctricas.<\/p>\n\n\n\n<p class=\"p1 wp-block-paragraph\">El viento ser\u00e1 de direcci\u00f3n variable con velocidades de 15 a 25 km\/h y rachas de hasta 40 km\/h, especialmente en \u00e1reas expuestas.<\/p>\n\n\n\n<p class=\"p1 wp-block-paragraph\">El ingreso de aire h\u00famedo del oc\u00e9ano Pac\u00edfico est\u00e1 generando lluvias aisladas no solo en Colima, sino tambi\u00e9n en Nayarit, Jalisco y Guerrero. Adem\u00e1s, el frente fr\u00edo No. 21 y la corriente en chorro polar est\u00e1n provocando vientos fuertes en el norte y noreste del pa\u00eds, aunque estos efectos no se sienten en el estado.<\/p>\n<div class=\"fb-background-color\">\n\t\t\t  <div \n\t\t\t  \tclass = \"fb-comments\" \n\t\t\t  \tdata-href = \"https:\/\/diarioavanzada.com.mx\/?p=70308\"\n\t\t\t  \tdata-numposts = \"10\"\n\t\t\t  \tdata-lazy = \"true\"\n\t\t\t\tdata-colorscheme = \"light\"\n\t\t\t\tdata-order-by = \"social\"\n\t\t\t\tdata-mobile=true>\n\t\t\t  <\/div><\/div>\n\t\t  <style>\n\t\t    .fb-background-color {\n\t\t\t\tbackground:  !important;\n\t\t\t}\n\t\t\t.fb_iframe_widget_fluid_desktop iframe {\n\t\t\t    width: 100% !important;\n\t\t\t}\n\t\t  <\/style>\n\t\t  ","protected":false},"excerpt":{"rendered":"<p>Colima, M\u00e9xico, Avanzada (05\/01\/2025).- En Colima, se espera un d\u00eda con condiciones variadas debido a los sistemas meteorol\u00f3gicos que afectan al pa\u00eds. Durante la ma\u00f1ana, el cielo estar\u00e1 despejado a medio nublado, con un ambiente fresco en general, mientras que en las costas prevalecer\u00e1 un clima templado. Por la tarde, las temperaturas alcanzar\u00e1n valores calurosos, [&hellip;]<\/p>\n","protected":false},"author":7,"featured_media":70307,"comment_status":"closed","ping_status":"closed","sticky":false,"template":"","format":"standard","meta":{"_coblocks_attr":"","_coblocks_dimensions":"","_coblocks_responsive_height":"","_coblocks_accordion_ie_support":"","_crdt_document":"","advanced_seo_description":"","jetpack_seo_html_title":"","jetpack_seo_noindex":false,"_jetpack_memberships_contains_paid_content":false,"footnotes":""},"categories":[19,7],"tags":[],"class_list":["post-70308","post","type-post","status-publish","format-standard","has-post-thumbnail","hentry","category-colima","category-noticias"],"jetpack_featured_media_url":"https:\/\/diarioavanzada.com.mx\/wp-content\/uploads\/2025\/01\/img_6250-1.jpg","jetpack-related-posts":[],"jetpack_sharing_enabled":true,"amp_enabled":true,"_links":{"self":[{"href":"https:\/\/diarioavanzada.com.mx\/index.php?rest_route=\/wp\/v2\/posts\/70308","targetHints":{"allow":["GET"]}}],"collection":[{"href":"https:\/\/diarioavanzada.com.mx\/index.php?rest_route=\/wp\/v2\/posts"}],"about":[{"href":"https:\/\/diarioavanzada.com.mx\/index.php?rest_route=\/wp\/v2\/types\/post"}],"author":[{"embeddable":true,"href":"https:\/\/diarioavanzada.com.mx\/index.php?rest_route=\/wp\/v2\/users\/7"}],"replies":[{"embeddable":true,"href":"https:\/\/diarioavanzada.com.mx\/index.php?rest_route=%2Fwp%2Fv2%2Fcomments&post=70308"}],"version-history":[{"count":0,"href":"https:\/\/diarioavanzada.com.mx\/index.php?rest_route=\/wp\/v2\/posts\/70308\/revisions"}],"wp:featuredmedia":[{"embeddable":true,"href":"https:\/\/diarioavanzada.com.mx\/index.php?rest_route=\/wp\/v2\/media\/70307"}],"wp:attachment":[{"href":"https:\/\/diarioavanzada.com.mx\/index.php?rest_route=%2Fwp%2Fv2%2Fmedia&parent=70308"}],"wp:term":[{"taxonomy":"category","embeddable":true,"href":"https:\/\/diarioavanzada.com.mx\/index.php?rest_route=%2Fwp%2Fv2%2Fcategories&post=70308"},{"taxonomy":"post_tag","embeddable":true,"href":"https:\/\/diarioavanzada.com.mx\/index.php?rest_route=%2Fwp%2Fv2%2Ftags&post=70308"}],"curies":[{"name":"wp","href":"https:\/\/api.w.org\/{rel}","templated":true}]}}