{"id":70238,"date":"2025-01-03T06:57:01","date_gmt":"2025-01-03T12:57:01","guid":{"rendered":"https:\/\/diarioavanzada.com.mx\/?p=70238"},"modified":"2025-01-03T07:07:49","modified_gmt":"2025-01-03T13:07:49","slug":"para-este-dia-colima-alcanzara-entre-30-y-35-c-en-la-costa-y-heladas-en-zonas-altas","status":"publish","type":"post","link":"https:\/\/diarioavanzada.com.mx\/?p=70238","title":{"rendered":"Colima alcanzar\u00e1 entre 30 y 35 \u00b0C en la costa y heladas en zonas altas"},"content":{"rendered":"\n<p class=\"p1 wp-block-paragraph\">Colima, M\u00e9xico, Avanzada (03\/01\/2025).- El Servicio Meteorol\u00f3gico Nacional (SMN) inform\u00f3 que, debido a la interacci\u00f3n del frente fr\u00edo No. 20 y una masa de aire polar, el estado de Colima experimentar\u00e1 un contraste clim\u00e1tico significativo este viernes.<\/p>\n\n\n\n<p class=\"p1 wp-block-paragraph\">En las zonas altas del estado, se espera un ambiente muy fr\u00edo por la ma\u00f1ana y la noche, con posibles heladas, mientras que en la regi\u00f3n costera se prev\u00e9 un ambiente c\u00e1lido, alcanzando temperaturas de entre 30 y 35 \u00b0C durante la tarde.<\/p>\n\n\n\n<p class=\"p1 wp-block-paragraph\">El pron\u00f3stico para el Pac\u00edfico Centro indica cielo despejado a medio nublado en la ma\u00f1ana y medio nublado a nublado por la tarde, aunque Colima no registrar\u00e1 lluvias. El viento ser\u00e1 de direcci\u00f3n variable con velocidades de 20 a 30 km\/h, sin descartar rachas de 40 a 60 km\/h en \u00e1reas cercanas a Jalisco.<\/p>\n\n\n\n<p class=\"p1 wp-block-paragraph\">Se exhorta a los colimenses a mantenerse atentos a los comunicados de las autoridades y consultar fuentes oficiales para mayor informaci\u00f3n sobre las condiciones clim\u00e1ticas.<\/p>\n<div class=\"fb-background-color\">\n\t\t\t  <div \n\t\t\t  \tclass = \"fb-comments\" \n\t\t\t  \tdata-href = \"https:\/\/diarioavanzada.com.mx\/?p=70238\"\n\t\t\t  \tdata-numposts = \"10\"\n\t\t\t  \tdata-lazy = \"true\"\n\t\t\t\tdata-colorscheme = \"light\"\n\t\t\t\tdata-order-by = \"social\"\n\t\t\t\tdata-mobile=true>\n\t\t\t  <\/div><\/div>\n\t\t  <style>\n\t\t    .fb-background-color {\n\t\t\t\tbackground:  !important;\n\t\t\t}\n\t\t\t.fb_iframe_widget_fluid_desktop iframe {\n\t\t\t    width: 100% !important;\n\t\t\t}\n\t\t  <\/style>\n\t\t  ","protected":false},"excerpt":{"rendered":"<p>Colima, M\u00e9xico, Avanzada (03\/01\/2025).- El Servicio Meteorol\u00f3gico Nacional (SMN) inform\u00f3 que, debido a la interacci\u00f3n del frente fr\u00edo No. 20 y una masa de aire polar, el estado de Colima experimentar\u00e1 un contraste clim\u00e1tico significativo este viernes. En las zonas altas del estado, se espera un ambiente muy fr\u00edo por la ma\u00f1ana y la noche, [&hellip;]<\/p>\n","protected":false},"author":7,"featured_media":70237,"comment_status":"closed","ping_status":"closed","sticky":false,"template":"","format":"standard","meta":{"_coblocks_attr":"","_coblocks_dimensions":"","_coblocks_responsive_height":"","_coblocks_accordion_ie_support":"","_crdt_document":"","advanced_seo_description":"","jetpack_seo_html_title":"","jetpack_seo_noindex":false,"_jetpack_memberships_contains_paid_content":false,"footnotes":""},"categories":[19,22,7],"tags":[],"class_list":["post-70238","post","type-post","status-publish","format-standard","has-post-thumbnail","hentry","category-colima","category-nacion","category-noticias"],"jetpack_featured_media_url":"https:\/\/diarioavanzada.com.mx\/wp-content\/uploads\/2025\/01\/img_6059-1.jpg","jetpack-related-posts":[],"jetpack_sharing_enabled":true,"amp_enabled":true,"_links":{"self":[{"href":"https:\/\/diarioavanzada.com.mx\/index.php?rest_route=\/wp\/v2\/posts\/70238","targetHints":{"allow":["GET"]}}],"collection":[{"href":"https:\/\/diarioavanzada.com.mx\/index.php?rest_route=\/wp\/v2\/posts"}],"about":[{"href":"https:\/\/diarioavanzada.com.mx\/index.php?rest_route=\/wp\/v2\/types\/post"}],"author":[{"embeddable":true,"href":"https:\/\/diarioavanzada.com.mx\/index.php?rest_route=\/wp\/v2\/users\/7"}],"replies":[{"embeddable":true,"href":"https:\/\/diarioavanzada.com.mx\/index.php?rest_route=%2Fwp%2Fv2%2Fcomments&post=70238"}],"version-history":[{"count":2,"href":"https:\/\/diarioavanzada.com.mx\/index.php?rest_route=\/wp\/v2\/posts\/70238\/revisions"}],"predecessor-version":[{"id":70240,"href":"https:\/\/diarioavanzada.com.mx\/index.php?rest_route=\/wp\/v2\/posts\/70238\/revisions\/70240"}],"wp:featuredmedia":[{"embeddable":true,"href":"https:\/\/diarioavanzada.com.mx\/index.php?rest_route=\/wp\/v2\/media\/70237"}],"wp:attachment":[{"href":"https:\/\/diarioavanzada.com.mx\/index.php?rest_route=%2Fwp%2Fv2%2Fmedia&parent=70238"}],"wp:term":[{"taxonomy":"category","embeddable":true,"href":"https:\/\/diarioavanzada.com.mx\/index.php?rest_route=%2Fwp%2Fv2%2Fcategories&post=70238"},{"taxonomy":"post_tag","embeddable":true,"href":"https:\/\/diarioavanzada.com.mx\/index.php?rest_route=%2Fwp%2Fv2%2Ftags&post=70238"}],"curies":[{"name":"wp","href":"https:\/\/api.w.org\/{rel}","templated":true}]}}