{"id":70227,"date":"2025-01-03T06:16:22","date_gmt":"2025-01-03T12:16:22","guid":{"rendered":"https:\/\/diarioavanzada.com.mx\/?p=70227"},"modified":"2025-01-03T06:16:22","modified_gmt":"2025-01-03T12:16:22","slug":"scjn-no-es-obligatorio-agotar-conciliacion-en-juicios-laborales-para-reconocer-beneficiarios-de-trabajadores-fallecidos","status":"publish","type":"post","link":"https:\/\/diarioavanzada.com.mx\/?p=70227","title":{"rendered":"SCJN: No es obligatorio agotar conciliaci\u00f3n en juicios laborales para reconocer beneficiarios de trabajadores fallecidos"},"content":{"rendered":"\n<p class=\"p1 wp-block-paragraph\">M\u00e9xico, Avanzada (03\/01\/2024).- La Segunda Sala de la Suprema Corte de Justicia de la Naci\u00f3n (SCJN) emiti\u00f3 la tesis jurisprudencial 2a.\/J. 58\/2024 (11a.), determinando que no es necesario agotar el procedimiento de conciliaci\u00f3n prejudicial en juicios laborales donde se solicite el reconocimiento de beneficiarios de un trabajador fallecido y la entrega del saldo de su cuenta de ahorro para el retiro.<\/p>\n\n\n\n<p class=\"p1 wp-block-paragraph\">Esta resoluci\u00f3n surge de una contradicci\u00f3n de criterios entre dos Tribunales Colegiados de Circuito. Uno consideraba innecesario el procedimiento conciliatorio previo al juicio, mientras que el otro lo ve\u00eda como un requisito indispensable.<\/p>\n\n\n\n<p class=\"p1 wp-block-paragraph\">La SCJN concluy\u00f3 que el art\u00edculo 685 Ter, fracci\u00f3n II, de la Ley Federal del Trabajo, except\u00faa este tipo de conflictos de la conciliaci\u00f3n prejudicial al tratarse de \u201cconflictos inherentes a la designaci\u00f3n de beneficiarios por muerte\u201d. Esto incluye tanto el reconocimiento de beneficiarios como el pago de las prestaciones laborales vinculadas.<\/p>\n\n\n\n<p class=\"p1 wp-block-paragraph\">La Corte enfatiz\u00f3 que estas demandas constituyen una unidad, ya que la designaci\u00f3n de beneficiarios est\u00e1 directamente ligada a la obtenci\u00f3n de los derechos laborales generados por el fallecimiento del trabajador, garantizando as\u00ed una soluci\u00f3n m\u00e1s \u00e1gil y justa para los involucrados.<\/p>\n<div class=\"fb-background-color\">\n\t\t\t  <div \n\t\t\t  \tclass = \"fb-comments\" \n\t\t\t  \tdata-href = \"https:\/\/diarioavanzada.com.mx\/?p=70227\"\n\t\t\t  \tdata-numposts = \"10\"\n\t\t\t  \tdata-lazy = \"true\"\n\t\t\t\tdata-colorscheme = \"light\"\n\t\t\t\tdata-order-by = \"social\"\n\t\t\t\tdata-mobile=true>\n\t\t\t  <\/div><\/div>\n\t\t  <style>\n\t\t    .fb-background-color {\n\t\t\t\tbackground:  !important;\n\t\t\t}\n\t\t\t.fb_iframe_widget_fluid_desktop iframe {\n\t\t\t    width: 100% !important;\n\t\t\t}\n\t\t  <\/style>\n\t\t  ","protected":false},"excerpt":{"rendered":"<p>M\u00e9xico, Avanzada (03\/01\/2024).- La Segunda Sala de la Suprema Corte de Justicia de la Naci\u00f3n (SCJN) emiti\u00f3 la tesis jurisprudencial 2a.\/J. 58\/2024 (11a.), determinando que no es necesario agotar el procedimiento de conciliaci\u00f3n prejudicial en juicios laborales donde se solicite el reconocimiento de beneficiarios de un trabajador fallecido y la entrega del saldo de su [&hellip;]<\/p>\n","protected":false},"author":7,"featured_media":70226,"comment_status":"closed","ping_status":"closed","sticky":false,"template":"","format":"standard","meta":{"_coblocks_attr":"","_coblocks_dimensions":"","_coblocks_responsive_height":"","_coblocks_accordion_ie_support":"","_crdt_document":"","advanced_seo_description":"","jetpack_seo_html_title":"","jetpack_seo_noindex":false,"_jetpack_memberships_contains_paid_content":false,"footnotes":""},"categories":[22,231],"tags":[],"class_list":["post-70227","post","type-post","status-publish","format-standard","has-post-thumbnail","hentry","category-nacion","category-seguridad"],"jetpack_featured_media_url":"https:\/\/diarioavanzada.com.mx\/wp-content\/uploads\/2025\/01\/img_2705-1.jpg","jetpack-related-posts":[],"jetpack_sharing_enabled":true,"amp_enabled":true,"_links":{"self":[{"href":"https:\/\/diarioavanzada.com.mx\/index.php?rest_route=\/wp\/v2\/posts\/70227","targetHints":{"allow":["GET"]}}],"collection":[{"href":"https:\/\/diarioavanzada.com.mx\/index.php?rest_route=\/wp\/v2\/posts"}],"about":[{"href":"https:\/\/diarioavanzada.com.mx\/index.php?rest_route=\/wp\/v2\/types\/post"}],"author":[{"embeddable":true,"href":"https:\/\/diarioavanzada.com.mx\/index.php?rest_route=\/wp\/v2\/users\/7"}],"replies":[{"embeddable":true,"href":"https:\/\/diarioavanzada.com.mx\/index.php?rest_route=%2Fwp%2Fv2%2Fcomments&post=70227"}],"version-history":[{"count":0,"href":"https:\/\/diarioavanzada.com.mx\/index.php?rest_route=\/wp\/v2\/posts\/70227\/revisions"}],"wp:featuredmedia":[{"embeddable":true,"href":"https:\/\/diarioavanzada.com.mx\/index.php?rest_route=\/wp\/v2\/media\/70226"}],"wp:attachment":[{"href":"https:\/\/diarioavanzada.com.mx\/index.php?rest_route=%2Fwp%2Fv2%2Fmedia&parent=70227"}],"wp:term":[{"taxonomy":"category","embeddable":true,"href":"https:\/\/diarioavanzada.com.mx\/index.php?rest_route=%2Fwp%2Fv2%2Fcategories&post=70227"},{"taxonomy":"post_tag","embeddable":true,"href":"https:\/\/diarioavanzada.com.mx\/index.php?rest_route=%2Fwp%2Fv2%2Ftags&post=70227"}],"curies":[{"name":"wp","href":"https:\/\/api.w.org\/{rel}","templated":true}]}}