{"id":70224,"date":"2025-01-02T22:41:35","date_gmt":"2025-01-03T04:41:35","guid":{"rendered":"https:\/\/diarioavanzada.com.mx\/?p=70224"},"modified":"2025-01-02T22:41:35","modified_gmt":"2025-01-03T04:41:35","slug":"rosa-golpeo-a-una-nina-por-hacer-sus-necesidades-fisiologicas","status":"publish","type":"post","link":"https:\/\/diarioavanzada.com.mx\/?p=70224","title":{"rendered":"Rosa golpe\u00f3 a una ni\u00f1a por hacer sus necesidades fisiol\u00f3gicas"},"content":{"rendered":"\n<p class=\"wp-block-paragraph\"><em>La imputada est\u00e1 en espera de que el \u00d3rgano Jurisdiccional determine su situaci\u00f3n legal<\/em><\/p>\n\n\n\n<ul class=\"wp-block-list\"><\/ul>\n\n\n\n<p class=\"wp-block-paragraph\">Chiapas, M\u00e9xico, Comunicado (02\/01\/2024).- La Fiscal\u00eda General del Estado radic\u00f3 carpeta de investigaci\u00f3n en contra de Rosa \u201cN\u201d, como presunta responsable del delito de violencia familiar, cometido en agravio de una menor de edad de identidad reservada, por hechos ocurridos en el municipio de San Crist\u00f3bal de las Casas.<\/p>\n\n\n\n<p class=\"wp-block-paragraph\">De acuerdo con la carpeta de investigaci\u00f3n, el denunciante atestigu\u00f3 los hechos violentos de la imputada en contra de la menor de edad, por lo que solicit\u00f3 apoyo a la Polic\u00eda Municipal.<\/p>\n\n\n\n<p class=\"wp-block-paragraph\">Los elementos se presentaron al lugar y al entablar un di\u00e1logo con la acusada, ella argument\u00f3 que hab\u00eda golpeado al menor de edad por haber realizado sus necesidades fisiol\u00f3gicas.<\/p>\n\n\n\n<p class=\"wp-block-paragraph\">La FGE se encuentra realizando las indagatorias correspondientes, a fin de esclarecer los hechos y fincar responsabilidades.<\/p>\n<div class=\"fb-background-color\">\n\t\t\t  <div \n\t\t\t  \tclass = \"fb-comments\" \n\t\t\t  \tdata-href = \"https:\/\/diarioavanzada.com.mx\/?p=70224\"\n\t\t\t  \tdata-numposts = \"10\"\n\t\t\t  \tdata-lazy = \"true\"\n\t\t\t\tdata-colorscheme = \"light\"\n\t\t\t\tdata-order-by = \"social\"\n\t\t\t\tdata-mobile=true>\n\t\t\t  <\/div><\/div>\n\t\t  <style>\n\t\t    .fb-background-color {\n\t\t\t\tbackground:  !important;\n\t\t\t}\n\t\t\t.fb_iframe_widget_fluid_desktop iframe {\n\t\t\t    width: 100% !important;\n\t\t\t}\n\t\t  <\/style>\n\t\t  ","protected":false},"excerpt":{"rendered":"<p>La imputada est\u00e1 en espera de que el \u00d3rgano Jurisdiccional determine su situaci\u00f3n legal Chiapas, M\u00e9xico, Comunicado (02\/01\/2024).- La Fiscal\u00eda General del Estado radic\u00f3 carpeta de investigaci\u00f3n en contra de Rosa \u201cN\u201d, como presunta responsable del delito de violencia familiar, cometido en agravio de una menor de edad de identidad reservada, por hechos ocurridos en [&hellip;]<\/p>\n","protected":false},"author":7,"featured_media":70223,"comment_status":"closed","ping_status":"closed","sticky":false,"template":"","format":"standard","meta":{"_coblocks_attr":"","_coblocks_dimensions":"","_coblocks_responsive_height":"","_coblocks_accordion_ie_support":"","_crdt_document":"","advanced_seo_description":"","jetpack_seo_html_title":"","jetpack_seo_noindex":false,"_jetpack_memberships_contains_paid_content":false,"footnotes":""},"categories":[22,231],"tags":[],"class_list":["post-70224","post","type-post","status-publish","format-standard","has-post-thumbnail","hentry","category-nacion","category-seguridad"],"jetpack_featured_media_url":"https:\/\/diarioavanzada.com.mx\/wp-content\/uploads\/2025\/01\/img_2702-1.jpg","jetpack-related-posts":[],"jetpack_sharing_enabled":true,"amp_enabled":true,"_links":{"self":[{"href":"https:\/\/diarioavanzada.com.mx\/index.php?rest_route=\/wp\/v2\/posts\/70224","targetHints":{"allow":["GET"]}}],"collection":[{"href":"https:\/\/diarioavanzada.com.mx\/index.php?rest_route=\/wp\/v2\/posts"}],"about":[{"href":"https:\/\/diarioavanzada.com.mx\/index.php?rest_route=\/wp\/v2\/types\/post"}],"author":[{"embeddable":true,"href":"https:\/\/diarioavanzada.com.mx\/index.php?rest_route=\/wp\/v2\/users\/7"}],"replies":[{"embeddable":true,"href":"https:\/\/diarioavanzada.com.mx\/index.php?rest_route=%2Fwp%2Fv2%2Fcomments&post=70224"}],"version-history":[{"count":0,"href":"https:\/\/diarioavanzada.com.mx\/index.php?rest_route=\/wp\/v2\/posts\/70224\/revisions"}],"wp:featuredmedia":[{"embeddable":true,"href":"https:\/\/diarioavanzada.com.mx\/index.php?rest_route=\/wp\/v2\/media\/70223"}],"wp:attachment":[{"href":"https:\/\/diarioavanzada.com.mx\/index.php?rest_route=%2Fwp%2Fv2%2Fmedia&parent=70224"}],"wp:term":[{"taxonomy":"category","embeddable":true,"href":"https:\/\/diarioavanzada.com.mx\/index.php?rest_route=%2Fwp%2Fv2%2Fcategories&post=70224"},{"taxonomy":"post_tag","embeddable":true,"href":"https:\/\/diarioavanzada.com.mx\/index.php?rest_route=%2Fwp%2Fv2%2Ftags&post=70224"}],"curies":[{"name":"wp","href":"https:\/\/api.w.org\/{rel}","templated":true}]}}